{"id":47037,"date":"2025-01-08T16:34:59","date_gmt":"2025-01-08T15:34:59","guid":{"rendered":"https:\/\/le12.ma\/fr\/?p=47037"},"modified":"2025-01-08T16:34:59","modified_gmt":"2025-01-08T15:34:59","slug":"academie-du-royaume-du-maroc-hommage-au-malhoun-dans-un-documentaire-audiovisuel","status":"publish","type":"post","link":"https:\/\/le12.ma\/fr\/academie-du-royaume-du-maroc-hommage-au-malhoun-dans-un-documentaire-audiovisuel\/","title":{"rendered":"Acad\u00e9mie du Royaume du Maroc : hommage au Malhoun dans un documentaire audiovisuel"},"content":{"rendered":"<div id=\"contenu_article_0\" class=\"resume-article mb-4 text-left\">\n<h2><strong>L&rsquo;Acad\u00e9mie du <a href=\"https:\/\/le12.ma\/fr\/rachid-talbi-alami-represente-sm-le-roi-a-la-ceremonie-dinvestiture-du-president-elu\/\">Royaume<\/a> du Maroc a annonc\u00e9, mardi, le lancement d&rsquo;une \u0153uvre documentaire audiovisuelle proposant une anthologie du Malhoun, un art reconnu par l&rsquo;UNESCO comme <a href=\"https:\/\/www.medi1news.com\/fr\">patrimoine<\/a> culturel immat\u00e9riel de l\u2019humanit\u00e9.<\/strong><\/h2>\n<p><strong>Cette anthologie, dont les grandes lignes ont \u00e9t\u00e9 pr\u00e9sent\u00e9es lors d&rsquo;une conf\u00e9rence de presse, comprend un total de 120 textes po\u00e9tiques s\u00e9lectionn\u00e9s par un comit\u00e9 sp\u00e9cial, annot\u00e9es de d\u00e9finitions et d&rsquo;explications.<\/strong><\/p>\n<p><strong>La r\u00e9alisation de cette oeuvre s&rsquo;inscrit en droite ligne de l&rsquo;attention particuli\u00e8re port\u00e9e par Sa Majest\u00e9 le Roi Mohammed VI \u00e0 la pr\u00e9servation du Malhoun et refl\u00e8te une prise de conscience de la richesse artistique, linguistique et expressive de cet art, porteur de valeurs nationales, religieuses, sociales et humaines, indique l&rsquo;Acad\u00e9mie du Royaume du Maroc.<\/strong><\/p>\n<p><strong>Dans une d\u00e9claration \u00e0 la presse, le coordinateur g\u00e9n\u00e9ral du comit\u00e9 charg\u00e9 de l\u2019\u00e9laboration de cette anthologie, Abdelmajid Fennich, a soulign\u00e9 que ce projet audiovisuel s&rsquo;inscrit dans le cadre des r\u00e9alisations de l&rsquo;Acad\u00e9mie au service de cet h\u00e9ritage culturel mill\u00e9naire.<\/strong><\/p>\n<p><strong>Il a, \u00e0 cet \u00e9gard, expliqu\u00e9 qu&rsquo;apr\u00e8s la publication de recueils de Malhoun par l&rsquo;Acad\u00e9mie, \u00ab\u00a0il \u00e9tait temps de proc\u00e9der \u00e0 une documentation audiovisuelle de cet art\u00a0\u00bb.<\/strong><\/p>\n<p><strong>M. Fennich a pr\u00e9cis\u00e9 que cette anthologie comprend une centaine de po\u00e8mes, interpr\u00e9t\u00e9s par 110 musiciens et chanteurs du Maroc et d&rsquo;ailleurs, repr\u00e9sentant diff\u00e9rentes g\u00e9n\u00e9rations.<\/strong><\/p>\n<p><strong>Le Comit\u00e9 intergouvernemental de sauvegarde du patrimoine culturel immat\u00e9riel de l&rsquo;UNESCO a approuv\u00e9, lors de sa 18e session tenue en novembre 2023 au Botswana, la demande du Royaume du Maroc d\u2019inscrire l\u2019art du Malhoun sur la liste repr\u00e9sentative du patrimoine culturel immat\u00e9riel de l\u2019humanit\u00e9.<\/strong><\/p>\n<\/div>\n","protected":false},"excerpt":{"rendered":"<p>L&rsquo;Acad\u00e9mie du Royaume du Maroc a annonc\u00e9, mardi, le lancement d&rsquo;une \u0153uvre documentaire audiovisuelle proposant une anthologie du Malhoun, un art reconnu par l&rsquo;UNESCO comme patrimoine culturel immat\u00e9riel de l\u2019humanit\u00e9. Cette anthologie, dont les grandes lignes ont \u00e9t\u00e9 pr\u00e9sent\u00e9es lors d&rsquo;une conf\u00e9rence de presse, comprend un total de 120 textes po\u00e9tiques s\u00e9lectionn\u00e9s par un comit\u00e9 [&hellip;]<\/p>\n","protected":false},"author":2,"featured_media":10167,"comment_status":"open","ping_status":"open","sticky":false,"template":"","format":"standard","meta":[],"categories":[26,31,54],"tags":[15640],"yst_prominent_words":[2117,263,1716,69,255,157,5590],"jetpack_featured_media_url":"https:\/\/le12.ma\/fr\/wp-content\/uploads\/2021\/01\/musique-spirituelle.jpg","_links":{"self":[{"href":"https:\/\/le12.ma\/fr\/wp-json\/wp\/v2\/posts\/47037"}],"collection":[{"href":"https:\/\/le12.ma\/fr\/wp-json\/wp\/v2\/posts"}],"about":[{"href":"https:\/\/le12.ma\/fr\/wp-json\/wp\/v2\/types\/post"}],"author":[{"embeddable":true,"href":"https:\/\/le12.ma\/fr\/wp-json\/wp\/v2\/users\/2"}],"replies":[{"embeddable":true,"href":"https:\/\/le12.ma\/fr\/wp-json\/wp\/v2\/comments?post=47037"}],"version-history":[{"count":1,"href":"https:\/\/le12.ma\/fr\/wp-json\/wp\/v2\/posts\/47037\/revisions"}],"predecessor-version":[{"id":47038,"href":"https:\/\/le12.ma\/fr\/wp-json\/wp\/v2\/posts\/47037\/revisions\/47038"}],"wp:featuredmedia":[{"embeddable":true,"href":"https:\/\/le12.ma\/fr\/wp-json\/wp\/v2\/media\/10167"}],"wp:attachment":[{"href":"https:\/\/le12.ma\/fr\/wp-json\/wp\/v2\/media?parent=47037"}],"wp:term":[{"taxonomy":"category","embeddable":true,"href":"https:\/\/le12.ma\/fr\/wp-json\/wp\/v2\/categories?post=47037"},{"taxonomy":"post_tag","embeddable":true,"href":"https:\/\/le12.ma\/fr\/wp-json\/wp\/v2\/tags?post=47037"},{"taxonomy":"yst_prominent_words","embeddable":true,"href":"https:\/\/le12.ma\/fr\/wp-json\/wp\/v2\/yst_prominent_words?post=47037"}],"curies":[{"name":"wp","href":"https:\/\/api.w.org\/{rel}","templated":true}]}}