{"id":46967,"date":"2025-01-03T12:44:02","date_gmt":"2025-01-03T11:44:02","guid":{"rendered":"https:\/\/le12.ma\/fr\/?p=46967"},"modified":"2025-01-03T12:47:09","modified_gmt":"2025-01-03T11:47:09","slug":"restauration-de-plaza-de-toros-a-tanger","status":"publish","type":"post","link":"https:\/\/le12.ma\/fr\/restauration-de-plaza-de-toros-a-tanger\/","title":{"rendered":"Restauration de \u00ab\u00a0Plaza de Toros\u00a0\u00bb \u00e0 Tanger"},"content":{"rendered":"<h2><strong>Se distinguant par une architecture unique, \u00ab\u00a0Plaza de Toros\u00a0\u00bb fait partie des monuments embl\u00e9matiques de la <a href=\"https:\/\/www.medi1news.com\/fr\/article\/339695.html\">ville<\/a> du d\u00e9troit, Tanger. Le budget allou\u00e9 pour la restauration de la place s&rsquo;est \u00e9lev\u00e9 \u00e0 50 millions de DH. L&rsquo;ar\u00e8ne, longtemps abandonn\u00e9, se transformera en espace multifonctionnel qui participe au d\u00e9veloppement de la ville.\u00a0\u00a0<\/strong><\/h2>\n<p><strong>Ce\u00a0nouvel\u00a0<a href=\"https:\/\/le12.ma\/fr\/depots-bancaires-enregistrant-une-hausse-annuelle-de-73-fin-novembre\/\">espace<\/a> accueillera un th\u00e9\u00e2tre d&rsquo;une capacit\u00e9 de 7000 spectateurs, une salle d&rsquo;exposition artistique, des espaces pour se restaurer.\u00a0 Gr\u00e2ce \u00e0 leur touche unique, des architectes marocains ont su restaurer la grandeur d&rsquo;antan de \u00ab\u00a0Plaza de Toros\u00a0\u00bb.\u00a0\u00a0<\/strong><\/p>\n<p><strong>Le nouveau design de la place conserve l&rsquo;\u00e2me historique du site tang\u00e9rois tout en y rajoutant des touches subtiles de modernit\u00e9. L&rsquo;inauguration officielle de \u00ab\u00a0Plaza de Toros\u00a0\u00bb est tr\u00e8s attendue par la population locale.\u00a0<\/strong><\/p>\n","protected":false},"excerpt":{"rendered":"<p>Se distinguant par une architecture unique, \u00ab\u00a0Plaza de Toros\u00a0\u00bb fait partie des monuments embl\u00e9matiques de la ville du d\u00e9troit, Tanger. Le budget allou\u00e9 pour la restauration de la place s&rsquo;est \u00e9lev\u00e9 \u00e0 50 millions de DH. L&rsquo;ar\u00e8ne, longtemps abandonn\u00e9, se transformera en espace multifonctionnel qui participe au d\u00e9veloppement de la ville.\u00a0\u00a0 Ce\u00a0nouvel\u00a0espace accueillera un th\u00e9\u00e2tre [&hellip;]<\/p>\n","protected":false},"author":2,"featured_media":46968,"comment_status":"open","ping_status":"open","sticky":false,"template":"","format":"standard","meta":[],"categories":[26,31,9268,54,24],"tags":[15627],"yst_prominent_words":[365,402],"jetpack_featured_media_url":"https:\/\/le12.ma\/fr\/wp-content\/uploads\/2025\/01\/plaza.jpg","_links":{"self":[{"href":"https:\/\/le12.ma\/fr\/wp-json\/wp\/v2\/posts\/46967"}],"collection":[{"href":"https:\/\/le12.ma\/fr\/wp-json\/wp\/v2\/posts"}],"about":[{"href":"https:\/\/le12.ma\/fr\/wp-json\/wp\/v2\/types\/post"}],"author":[{"embeddable":true,"href":"https:\/\/le12.ma\/fr\/wp-json\/wp\/v2\/users\/2"}],"replies":[{"embeddable":true,"href":"https:\/\/le12.ma\/fr\/wp-json\/wp\/v2\/comments?post=46967"}],"version-history":[{"count":1,"href":"https:\/\/le12.ma\/fr\/wp-json\/wp\/v2\/posts\/46967\/revisions"}],"predecessor-version":[{"id":46969,"href":"https:\/\/le12.ma\/fr\/wp-json\/wp\/v2\/posts\/46967\/revisions\/46969"}],"wp:featuredmedia":[{"embeddable":true,"href":"https:\/\/le12.ma\/fr\/wp-json\/wp\/v2\/media\/46968"}],"wp:attachment":[{"href":"https:\/\/le12.ma\/fr\/wp-json\/wp\/v2\/media?parent=46967"}],"wp:term":[{"taxonomy":"category","embeddable":true,"href":"https:\/\/le12.ma\/fr\/wp-json\/wp\/v2\/categories?post=46967"},{"taxonomy":"post_tag","embeddable":true,"href":"https:\/\/le12.ma\/fr\/wp-json\/wp\/v2\/tags?post=46967"},{"taxonomy":"yst_prominent_words","embeddable":true,"href":"https:\/\/le12.ma\/fr\/wp-json\/wp\/v2\/yst_prominent_words?post=46967"}],"curies":[{"name":"wp","href":"https:\/\/api.w.org\/{rel}","templated":true}]}}