{"id":46887,"date":"2024-12-30T12:18:29","date_gmt":"2024-12-30T11:18:29","guid":{"rendered":"https:\/\/le12.ma\/fr\/?p=46887"},"modified":"2024-12-30T15:31:36","modified_gmt":"2024-12-30T14:31:36","slug":"la-30e-edition-du-siel-du-17-au-27-avril-2025","status":"publish","type":"post","link":"https:\/\/le12.ma\/fr\/la-30e-edition-du-siel-du-17-au-27-avril-2025\/","title":{"rendered":"La 30e \u00e9dition du SIEL, du 17 au 27 avril 2025"},"content":{"rendered":"<h2 class=\"node-tpl-ville-accroche\"><strong>&#8211; La 30\u00e8me \u00e9dition du <a href=\"https:\/\/www.mapnews.ma\/fr\/actualites\/culture\/la-30e-%C3%A9dition-du-salon-international-de-l%C3%A9dition-et-du-livre-du-17-au-27-avril\">Salon<\/a> international de l&rsquo;\u00e9dition et du livre (SIEL) se tiendra du 17 au 27 avril 2025 \u00e0 l&rsquo;espace OLM Souissi \u00e0 Rabat, a annonc\u00e9 le minist\u00e8re de la Jeunesse, de la Culture et de la Communication -D\u00e9partement de la Culture-.<\/strong><\/h2>\n<div class=\"node-wrapper-img-corps\">\n<div class=\"node-tpl-corps\">\n<div>\n<p><strong>Dans un communiqu\u00e9, le <a href=\"https:\/\/le12.ma\/fr\/le-conseil-de-gouvernement-adopte-un-projet-de-decret-relatif-au-smig\/\">minist\u00e8re<\/a> invite les maisons d&rsquo;\u00e9dition, les distributeurs, les librairies et les institutions int\u00e9ress\u00e9es par la participation \u00e0 cet \u00e9v\u00e9nement \u00e0 soumettre leurs\u00a0candidatures via une inscription en ligne sur le site \u00ab\u00a0https:\/\/inscriptions.siel.ma\/register\u00a0\u00bb, notant que l&rsquo;inscription qui\u00a0a d\u00e9but\u00e9 le 28 d\u00e9cembre 2024 se poursuivra jusqu\u2019au 15 f\u00e9vrier 2025.\u00a0<\/strong><\/p>\n<p><strong>Pour plus d\u2019informations, les int\u00e9ress\u00e9s peuvent contacter la Direction du Livre, des Biblioth\u00e8ques et des Archives \u00e0 Rabat, aux num\u00e9ros de t\u00e9l\u00e9phone 00.212.537.27.40.44, 00.212.537.27.40.42, et 00.212.537.27.40.32, ou par courriel \u00e0 siel@minculture.gov.ma.<\/strong><\/p>\n<\/div>\n<\/div>\n<\/div>\n","protected":false},"excerpt":{"rendered":"<p>&#8211; La 30\u00e8me \u00e9dition du Salon international de l&rsquo;\u00e9dition et du livre (SIEL) se tiendra du 17 au 27 avril 2025 \u00e0 l&rsquo;espace OLM Souissi \u00e0 Rabat, a annonc\u00e9 le minist\u00e8re de la Jeunesse, de la Culture et de la Communication -D\u00e9partement de la Culture-. Dans un communiqu\u00e9, le minist\u00e8re invite les maisons d&rsquo;\u00e9dition, les [&hellip;]<\/p>\n","protected":false},"author":2,"featured_media":15216,"comment_status":"open","ping_status":"open","sticky":false,"template":"","format":"standard","meta":[],"categories":[26,31,54,24],"tags":[9550],"yst_prominent_words":[583,1003,148,299],"jetpack_featured_media_url":"https:\/\/le12.ma\/fr\/wp-content\/uploads\/2021\/03\/livres.jpg","_links":{"self":[{"href":"https:\/\/le12.ma\/fr\/wp-json\/wp\/v2\/posts\/46887"}],"collection":[{"href":"https:\/\/le12.ma\/fr\/wp-json\/wp\/v2\/posts"}],"about":[{"href":"https:\/\/le12.ma\/fr\/wp-json\/wp\/v2\/types\/post"}],"author":[{"embeddable":true,"href":"https:\/\/le12.ma\/fr\/wp-json\/wp\/v2\/users\/2"}],"replies":[{"embeddable":true,"href":"https:\/\/le12.ma\/fr\/wp-json\/wp\/v2\/comments?post=46887"}],"version-history":[{"count":2,"href":"https:\/\/le12.ma\/fr\/wp-json\/wp\/v2\/posts\/46887\/revisions"}],"predecessor-version":[{"id":46889,"href":"https:\/\/le12.ma\/fr\/wp-json\/wp\/v2\/posts\/46887\/revisions\/46889"}],"wp:featuredmedia":[{"embeddable":true,"href":"https:\/\/le12.ma\/fr\/wp-json\/wp\/v2\/media\/15216"}],"wp:attachment":[{"href":"https:\/\/le12.ma\/fr\/wp-json\/wp\/v2\/media?parent=46887"}],"wp:term":[{"taxonomy":"category","embeddable":true,"href":"https:\/\/le12.ma\/fr\/wp-json\/wp\/v2\/categories?post=46887"},{"taxonomy":"post_tag","embeddable":true,"href":"https:\/\/le12.ma\/fr\/wp-json\/wp\/v2\/tags?post=46887"},{"taxonomy":"yst_prominent_words","embeddable":true,"href":"https:\/\/le12.ma\/fr\/wp-json\/wp\/v2\/yst_prominent_words?post=46887"}],"curies":[{"name":"wp","href":"https:\/\/api.w.org\/{rel}","templated":true}]}}