{"id":46739,"date":"2024-12-23T11:07:50","date_gmt":"2024-12-23T10:07:50","guid":{"rendered":"https:\/\/le12.ma\/fr\/?p=46739"},"modified":"2024-12-23T11:07:50","modified_gmt":"2024-12-23T10:07:50","slug":"silej-340-exposants-et-plus-de-101-000-visiteurs","status":"publish","type":"post","link":"https:\/\/le12.ma\/fr\/silej-340-exposants-et-plus-de-101-000-visiteurs\/","title":{"rendered":"SILEJ : 340 exposants et plus de 101.000 visiteurs"},"content":{"rendered":"<div id=\"contenu_article_0\" class=\"resume-article mb-4 text-left\">\n<h2><strong>La 2\u00e8me \u00e9dition du <a href=\"https:\/\/le12.ma\/fr\/le-message-royal-a-defini-les-enjeux-futurs-des-conseils-regionaux-pdt-ondh\/\">Salon<\/a> International du Livre Enfant et Jeunesse (<a href=\"https:\/\/www.medi1news.com\/fr\/article\/338660.html\">SILEJ<\/a>), qui s&rsquo;est cl\u00f4tur\u00e9e dimanche, a connu la participation de 340 exposants directs et indirects issus de 29 pays, et l&rsquo;affluence de plus de 101.000 visiteurs.<\/strong><\/h2>\n<p><strong>Organis\u00e9 sous le Haut Patronage de Sa Majest\u00e9 le Roi Mohammed VI, par le minist\u00e8re de la Jeunesse, de la Culture et de la Communication, ce Salon a \u00e9t\u00e9 l&rsquo;occasion de pr\u00e9senter un fonds documentaire de plus de 40.000 titres pour un total d\u00e9passant les 150.000 exemplaires, indique un communiqu\u00e9 du minist\u00e8re, pr\u00e9cisant que la Wallonie-Bruxelles a \u00e9t\u00e9 l&rsquo;invit\u00e9e d&rsquo;honneur de cette \u00e9dition.<\/strong><\/p>\n<p><strong>S&rsquo;agissant de la programmation culturelle parall\u00e8le, pr\u00e9cise la m\u00eame source, les salles d\u00e9di\u00e9es aux rencontres et aux ateliers ont abrit\u00e9 un total de 70 s\u00e9ances, dans le cadre d\u2019un programme professionnel destin\u00e9 aux \u00e9crivains et illustrateurs en devenir dans l&rsquo;industrie du livre pour enfants et jeunes, dans la perspective d&rsquo;initier une nouvelle g\u00e9n\u00e9ration de cr\u00e9ateurs marocains capables de cr\u00e9er une plateforme nationale d\u00e9di\u00e9e \u00e0 cette industrie, tant dans les domaines de l\u2019\u00e9criture, de l\u2019illustration que de la production artistique.<\/strong><\/p>\n<p><strong>Au programme figuraient des conf\u00e9rences, des ateliers et des sessions de formation, notamment des ateliers d\u2019encadrement dans le domaine de la gestion des biblioth\u00e8ques scolaires au profit d&rsquo;une \u00e9quipe du minist\u00e8re de l\u2019Education nationale.<\/strong><\/p>\n<p><strong>En parall\u00e8le, les sept espaces consacr\u00e9s \u00e0 l\u2019animation culturelle ont accueilli le programme \u00ab\u00a0Mots\u2019Arts\u00a0\u00bb avec plus de 405 ateliers, abordant diff\u00e9rentes th\u00e9matiques telles que les techniques d\u2019\u00e9criture litt\u00e9raire, les m\u00e9dias et le cin\u00e9ma, le th\u00e9\u00e2tre, la musique, la photographie, les expressions corporelles, le dessin, la c\u00e9ramique, l\u2019architecture, le design et les arts vivants.<\/strong><\/p>\n<p><strong>En outre, plus de 20.000 enfants ont eu l&rsquo;opportunit\u00e9 d&rsquo;explorer l&rsquo;espace d\u00e9di\u00e9 aux \u0153uvres du c\u00e9l\u00e8bre dessinateur belge \u00ab\u00a0Peyo\u00a0\u00bb, cr\u00e9ateur de la s\u00e9rie des Schtroumpfs.<\/strong><\/p>\n<p><strong>Par ailleurs, plusieurs institutions et maisons d\u2019\u00e9dition ont, de leur c\u00f4t\u00e9, organis\u00e9 plus de 300 activit\u00e9s au sein des pavillons du SILEJ, entre signatures de livres, rencontres de sensibilisation et ateliers artistiques et manuels.<\/strong><\/p>\n<p><strong>D&rsquo;autre part, le Salon a b\u00e9n\u00e9fici\u00e9 d\u2019une couverture m\u00e9diatique assur\u00e9e par 65 m\u00e9dias audiovisuels, \u00e9crits et radiophoniques, en plus d\u2019une large diffusion en direct via les diff\u00e9rents r\u00e9seaux sociaux.<\/strong><\/p>\n<p><strong>Cette deuxi\u00e8me \u00e9dition du SILEJ, organis\u00e9e du 14 au 22 d\u00e9cembre \u00e0 \u00ab\u00a0Anfa Park\u00a0\u00bb \u00e0 Casablanca en partenariat avec la Wilaya de la r\u00e9gion de Casablanca-Settat et le Conseil de la commune de Casablanca, marque un pas en avant pour cette manifestation culturelle visant la promotion du livre et la diffusion de la culture de la lecture en tant que levier du d\u00e9veloppement humain, o\u00f9 l\u2019acc\u00e8s au savoir joue un r\u00f4le fondamental, conclut le communiqu\u00e9.<\/strong><\/p>\n<\/div>\n","protected":false},"excerpt":{"rendered":"<p>La 2\u00e8me \u00e9dition du Salon International du Livre Enfant et Jeunesse (SILEJ), qui s&rsquo;est cl\u00f4tur\u00e9e dimanche, a connu la participation de 340 exposants directs et indirects issus de 29 pays, et l&rsquo;affluence de plus de 101.000 visiteurs. Organis\u00e9 sous le Haut Patronage de Sa Majest\u00e9 le Roi Mohammed VI, par le minist\u00e8re de la Jeunesse, [&hellip;]<\/p>\n","protected":false},"author":2,"featured_media":46740,"comment_status":"open","ping_status":"open","sticky":false,"template":"","format":"standard","meta":[],"categories":[26,31,9268,54,24],"tags":[15548],"yst_prominent_words":[80,145,583,261,257,910,3716,1003,76,148,310,449,4712],"jetpack_featured_media_url":"https:\/\/le12.ma\/fr\/wp-content\/uploads\/2024\/12\/SILEJ-1.jpg","_links":{"self":[{"href":"https:\/\/le12.ma\/fr\/wp-json\/wp\/v2\/posts\/46739"}],"collection":[{"href":"https:\/\/le12.ma\/fr\/wp-json\/wp\/v2\/posts"}],"about":[{"href":"https:\/\/le12.ma\/fr\/wp-json\/wp\/v2\/types\/post"}],"author":[{"embeddable":true,"href":"https:\/\/le12.ma\/fr\/wp-json\/wp\/v2\/users\/2"}],"replies":[{"embeddable":true,"href":"https:\/\/le12.ma\/fr\/wp-json\/wp\/v2\/comments?post=46739"}],"version-history":[{"count":1,"href":"https:\/\/le12.ma\/fr\/wp-json\/wp\/v2\/posts\/46739\/revisions"}],"predecessor-version":[{"id":46741,"href":"https:\/\/le12.ma\/fr\/wp-json\/wp\/v2\/posts\/46739\/revisions\/46741"}],"wp:featuredmedia":[{"embeddable":true,"href":"https:\/\/le12.ma\/fr\/wp-json\/wp\/v2\/media\/46740"}],"wp:attachment":[{"href":"https:\/\/le12.ma\/fr\/wp-json\/wp\/v2\/media?parent=46739"}],"wp:term":[{"taxonomy":"category","embeddable":true,"href":"https:\/\/le12.ma\/fr\/wp-json\/wp\/v2\/categories?post=46739"},{"taxonomy":"post_tag","embeddable":true,"href":"https:\/\/le12.ma\/fr\/wp-json\/wp\/v2\/tags?post=46739"},{"taxonomy":"yst_prominent_words","embeddable":true,"href":"https:\/\/le12.ma\/fr\/wp-json\/wp\/v2\/yst_prominent_words?post=46739"}],"curies":[{"name":"wp","href":"https:\/\/api.w.org\/{rel}","templated":true}]}}