{"id":46659,"date":"2024-12-19T17:09:51","date_gmt":"2024-12-19T16:09:51","guid":{"rendered":"https:\/\/le12.ma\/fr\/?p=46659"},"modified":"2024-12-19T15:12:35","modified_gmt":"2024-12-19T14:12:35","slug":"daoud-aoulad-syad-le-cinema-repose-sur-peu-dimages-et-beaucoup-de-son","status":"publish","type":"post","link":"https:\/\/le12.ma\/fr\/daoud-aoulad-syad-le-cinema-repose-sur-peu-dimages-et-beaucoup-de-son\/","title":{"rendered":"Daoud Aoulad-Syad: Le cin\u00e9ma repose sur \u00ab\u00a0peu d\u2019images et beaucoup de son\u00a0\u00bb"},"content":{"rendered":"<h2 class=\"node-tpl-ville-accroche\"><strong>Le cin\u00e9ma repose sur \u00ab\u00a0peu d\u2019images et beaucoup de son\u00a0\u00bb, a affirm\u00e9 le r\u00e9alisateur marocain Daoud Aoulad-Syad, participant \u00e0 la grande comp\u00e9tition des Journ\u00e9es Cin\u00e9matographiques de Carthage avec son film \u00ab\u00a0Le lac bleu (Al marja zarqa)\u00a0\u00bb.<\/strong><\/h2>\n<div class=\"node-wrapper-img-corps\">\n<div class=\"node-tpl-corps\">\n<p><strong>Lors d\u2019une rencontre avec le public apr\u00e8s la projection de son film \u00e0 la salle de l\u2019Op\u00e9ra de la Cit\u00e9 de la Culture \u00e0 Tunis, le r\u00e9alisateur Aoulad-Syad a d\u00e9clar\u00e9 que le cin\u00e9ma consiste \u00e0 \u00ab\u00a070% de son et 30% d\u2019images\u00a0\u00bb.<\/strong><\/p>\n<p><strong>Dans une d\u00e9claration \u00e0 la MAP, expliquant sa vision, le r\u00e9alisateur a pr\u00e9cis\u00e9 que \u00ab\u00a0nous voyons les images l\u00e0 o\u00f9 le son n\u2019est pas visible, il est pr\u00e9sent et \u00e9nigmatique, et exprime ce que nous ne voyons pas\u00a0\u00bb. Il a ajout\u00e9 que de la m\u00eame mani\u00e8re, les images captur\u00e9es par le jeune h\u00e9ros aveugle du film ne sont pas visibles, mais elles sont ressenties.<\/strong><\/p>\n<p><strong>Interrog\u00e9 sur un \u00e9ventuel retour \u00e0 la ville, alors que la majorit\u00e9 de ses \u0153uvres, dont \u00ab\u00a0Al marja zarqa\u00a0\u00bb, se d\u00e9roulent loin des centres urbains, souvent dans des cadres ruraux ou semi-d\u00e9sertiques, M. Aoulad-Syad a affirm\u00e9 que les histoires le trouvent, et ainsi, elles imposent leur propre lieu et temps. \u00ab\u00a0Je n\u2019ai jamais \u00e9crit un sc\u00e9nario sp\u00e9cifiquement pour l\u2019un de mes films, ce sont les histoires qui viennent \u00e0 moi\u00a0\u00bb, a-t-il confi\u00e9.<\/strong><\/p>\n<p><strong>Le r\u00e9alisateur a \u00e9galement r\u00e9v\u00e9l\u00e9 que l\u2019id\u00e9e du sc\u00e9nario du film \u00ab\u00a0Al marja zarqa\u00a0\u00bb lui est venue lorsqu\u2019il a rencontr\u00e9 un groupe de touristes aveugles dans un h\u00f4tel au Maroc, qui \u00e9taient venus visiter un lac dans une r\u00e9gion d\u00e9sertique. Ces touristes ont commenc\u00e9 \u00e0 partager leurs \u00ab\u00a0visions\u00a0\u00bb le soir, ce qui a inspir\u00e9 le sc\u00e9nario.<\/strong><\/p>\n<p><strong>Quant \u00e0 l\u2019utilisation limit\u00e9e des objectifs pendant le tournage, le r\u00e9alisateur a indiqu\u00e9 que bien que le producteur ait mis \u00e0 sa disposition tout le n\u00e9cessaire pour filmer, il pr\u00e9f\u00e8re \u00ab\u00a0utiliser peu\u00a0\u00bb et a choisi d\u2019utiliser principalement une seule lentille dans \u00ab\u00a0Al marja zarqa\u00a0\u00bb car elle \u00e9tait la mieux adapt\u00e9e pour capturer le point de vue de l\u2019enfant aveugle.<\/strong><\/p>\n<p><strong>Le film \u00ab\u00a0Al marja zarqa\u00a0\u00bb, mettant en vedette Mohamed Khouyi, Hasna Tamtaoui et Youssef Kadir, est en lice pour les prix de la grande comp\u00e9tition des Journ\u00e9es Cin\u00e9matographiques de Carthage dans son 35\u00e8me \u00e9dition, aux c\u00f4t\u00e9s de films du S\u00e9n\u00e9gal, de la Somalie, du Nigeria, du Cap-Vert, de l\u2019Alg\u00e9rie, du Liban, de la Palestine, de l\u2019\u00c9gypte, de la Syrie, et de la Tunisie.<\/strong><\/p>\n<\/div>\n<\/div>\n","protected":false},"excerpt":{"rendered":"<p>Le cin\u00e9ma repose sur \u00ab\u00a0peu d\u2019images et beaucoup de son\u00a0\u00bb, a affirm\u00e9 le r\u00e9alisateur marocain Daoud Aoulad-Syad, participant \u00e0 la grande comp\u00e9tition des Journ\u00e9es Cin\u00e9matographiques de Carthage avec son film \u00ab\u00a0Le lac bleu (Al marja zarqa)\u00a0\u00bb. Lors d\u2019une rencontre avec le public apr\u00e8s la projection de son film \u00e0 la salle de l\u2019Op\u00e9ra de la [&hellip;]<\/p>\n","protected":false},"author":2,"featured_media":46660,"comment_status":"open","ping_status":"open","sticky":false,"template":"","format":"standard","meta":[],"categories":[26,9443,31,54,24],"tags":[15566,15565],"yst_prominent_words":[138,1000,458],"jetpack_featured_media_url":"https:\/\/le12.ma\/fr\/wp-content\/uploads\/2024\/12\/daoud.jpg","_links":{"self":[{"href":"https:\/\/le12.ma\/fr\/wp-json\/wp\/v2\/posts\/46659"}],"collection":[{"href":"https:\/\/le12.ma\/fr\/wp-json\/wp\/v2\/posts"}],"about":[{"href":"https:\/\/le12.ma\/fr\/wp-json\/wp\/v2\/types\/post"}],"author":[{"embeddable":true,"href":"https:\/\/le12.ma\/fr\/wp-json\/wp\/v2\/users\/2"}],"replies":[{"embeddable":true,"href":"https:\/\/le12.ma\/fr\/wp-json\/wp\/v2\/comments?post=46659"}],"version-history":[{"count":1,"href":"https:\/\/le12.ma\/fr\/wp-json\/wp\/v2\/posts\/46659\/revisions"}],"predecessor-version":[{"id":46661,"href":"https:\/\/le12.ma\/fr\/wp-json\/wp\/v2\/posts\/46659\/revisions\/46661"}],"wp:featuredmedia":[{"embeddable":true,"href":"https:\/\/le12.ma\/fr\/wp-json\/wp\/v2\/media\/46660"}],"wp:attachment":[{"href":"https:\/\/le12.ma\/fr\/wp-json\/wp\/v2\/media?parent=46659"}],"wp:term":[{"taxonomy":"category","embeddable":true,"href":"https:\/\/le12.ma\/fr\/wp-json\/wp\/v2\/categories?post=46659"},{"taxonomy":"post_tag","embeddable":true,"href":"https:\/\/le12.ma\/fr\/wp-json\/wp\/v2\/tags?post=46659"},{"taxonomy":"yst_prominent_words","embeddable":true,"href":"https:\/\/le12.ma\/fr\/wp-json\/wp\/v2\/yst_prominent_words?post=46659"}],"curies":[{"name":"wp","href":"https:\/\/api.w.org\/{rel}","templated":true}]}}