{"id":4665,"date":"2020-09-30T09:36:09","date_gmt":"2020-09-30T08:36:09","guid":{"rendered":"https:\/\/le12.ma\/fr\/?p=4665"},"modified":"2020-09-30T09:36:09","modified_gmt":"2020-09-30T08:36:09","slug":"ccm-mise-en-ligne-dun-nouveau-cycle-de-projection-dedie-a-la-memoire-de-feue-touria-jabrane","status":"publish","type":"post","link":"https:\/\/le12.ma\/fr\/ccm-mise-en-ligne-dun-nouveau-cycle-de-projection-dedie-a-la-memoire-de-feue-touria-jabrane\/","title":{"rendered":"CCM : Mise en ligne d\u2019un nouveau cycle de projection d\u00e9di\u00e9 \u00e0 la m\u00e9moire de feue Touria Jabrane"},"content":{"rendered":"<p><span style=\"color: #ff0000;\"><strong>Rabat \u2013 le12<\/strong><\/span><\/p>\n<p><strong>Le Centre cin\u00e9matographique marocain (CCM) annonce qu\u2019un nouveau cycle de projection, d\u00e9di\u00e9 \u00e0 la m\u00e9moire de feue Touria Jabrane, sera mis en ligne \u00e0 partir du vendredi 02 octobre 2020, journ\u00e9e qui co\u00efncide avec la comm\u00e9moration du 40\u00e8me jour de sa disparition.<\/strong><\/p>\n","protected":false},"excerpt":{"rendered":"<p>Rabat \u2013 le12 Le Centre cin\u00e9matographique marocain (CCM) annonce qu\u2019un nouveau cycle de projection, d\u00e9di\u00e9 \u00e0 la m\u00e9moire de feue Touria Jabrane, sera mis en ligne \u00e0 partir du vendredi 02 octobre 2020, journ\u00e9e qui co\u00efncide avec la comm\u00e9moration du 40\u00e8me jour de sa disparition.<\/p>\n","protected":false},"author":4,"featured_media":4666,"comment_status":"open","ping_status":"open","sticky":false,"template":"","format":"standard","meta":[],"categories":[26,31],"tags":[],"yst_prominent_words":[],"jetpack_featured_media_url":"https:\/\/le12.ma\/fr\/wp-content\/uploads\/2020\/09\/20200930_093458.jpg","_links":{"self":[{"href":"https:\/\/le12.ma\/fr\/wp-json\/wp\/v2\/posts\/4665"}],"collection":[{"href":"https:\/\/le12.ma\/fr\/wp-json\/wp\/v2\/posts"}],"about":[{"href":"https:\/\/le12.ma\/fr\/wp-json\/wp\/v2\/types\/post"}],"author":[{"embeddable":true,"href":"https:\/\/le12.ma\/fr\/wp-json\/wp\/v2\/users\/4"}],"replies":[{"embeddable":true,"href":"https:\/\/le12.ma\/fr\/wp-json\/wp\/v2\/comments?post=4665"}],"version-history":[{"count":1,"href":"https:\/\/le12.ma\/fr\/wp-json\/wp\/v2\/posts\/4665\/revisions"}],"predecessor-version":[{"id":4667,"href":"https:\/\/le12.ma\/fr\/wp-json\/wp\/v2\/posts\/4665\/revisions\/4667"}],"wp:featuredmedia":[{"embeddable":true,"href":"https:\/\/le12.ma\/fr\/wp-json\/wp\/v2\/media\/4666"}],"wp:attachment":[{"href":"https:\/\/le12.ma\/fr\/wp-json\/wp\/v2\/media?parent=4665"}],"wp:term":[{"taxonomy":"category","embeddable":true,"href":"https:\/\/le12.ma\/fr\/wp-json\/wp\/v2\/categories?post=4665"},{"taxonomy":"post_tag","embeddable":true,"href":"https:\/\/le12.ma\/fr\/wp-json\/wp\/v2\/tags?post=4665"},{"taxonomy":"yst_prominent_words","embeddable":true,"href":"https:\/\/le12.ma\/fr\/wp-json\/wp\/v2\/yst_prominent_words?post=4665"}],"curies":[{"name":"wp","href":"https:\/\/api.w.org\/{rel}","templated":true}]}}