{"id":46648,"date":"2024-12-19T14:48:00","date_gmt":"2024-12-19T13:48:00","guid":{"rendered":"https:\/\/le12.ma\/fr\/?p=46648"},"modified":"2024-12-19T14:48:50","modified_gmt":"2024-12-19T13:48:50","slug":"le-festival-du-film-transsaharien-de-zagora-au-service-des-valeurs-universelles-du-vivre-ensemble","status":"publish","type":"post","link":"https:\/\/le12.ma\/fr\/le-festival-du-film-transsaharien-de-zagora-au-service-des-valeurs-universelles-du-vivre-ensemble\/","title":{"rendered":"Le festival du film transsaharien de Zagora au service des valeurs universelles du vivre ensemble"},"content":{"rendered":"<h2><strong>Le rideau est tomb\u00e9 vendredi sur la 18\u00e8me \u00e9dition du <a href=\"https:\/\/www.mapnews.ma\/fr\/\">festival<\/a> du film transsaharien de Zagora, en pr\u00e9sence de grands noms, marocains et \u00e9trangers du 7\u00e8me art, de <a href=\"https:\/\/le12.ma\/fr\/jose-manuel-albares-le-maroc-et-lespagne-vivent-le-meilleur-moment-de-leurs-relations-bilaterales\/\">passionn\u00e9s<\/a> de cin\u00e9ma, de responsables et d&rsquo;\u00e9lus locaux et de plusieurs personnalit\u00e9s du monde de l&rsquo;art et de la culture.<\/strong><\/h2>\n<p><strong>Organis\u00e9e par l&rsquo;association du film transsaharien de Zagora, <\/strong><strong>cette 18 \u00e8me \u00e9dition a mis \u00e0 l&rsquo;honneur le cin\u00e9ma russe avec la participation de cin\u00e9astes russes et la projection de plusieurs oeuvres cin\u00e9matographiques. Et ce, afin de rapprocher le public marocain d&rsquo;un cin\u00e9ma consid\u00e9r\u00e9 comme une r\u00e9f\u00e9rence mondiale. La Russie a \u00e9t\u00e9 aussi pr\u00e9sente dans ce festival \u00e0 travers la musique et la danse. A cet \u00e9gard, le public a \u00e9t\u00e9 fascin\u00e9 par la prestation musicale du c\u00e9l\u00e8bre producteur et compositeur de musique de films, Marat Faizullin, ainsi que par le spectacle, \u00e0 couper le souffle, du groupe chor\u00e9graphique \u00ab\u00a0Kalinka\u00a0\u00bb, compos\u00e9 de jeunes talentueux danseurs, gar\u00e7ons et filles, gardiens de la riche et grande tradition artistique russe.<\/strong><\/p>\n<p><img decoding=\"async\" loading=\"lazy\" class=\"alignnone size-full wp-image-46650\" src=\"https:\/\/le12.ma\/fr\/wp-content\/uploads\/2024\/12\/WhatsApp-Image-2024-12-19-at-14.14.271.jpeg\" alt=\"\" width=\"1600\" height=\"1200\" srcset=\"https:\/\/le12.ma\/fr\/wp-content\/uploads\/2024\/12\/WhatsApp-Image-2024-12-19-at-14.14.271.jpeg 1600w, https:\/\/le12.ma\/fr\/wp-content\/uploads\/2024\/12\/WhatsApp-Image-2024-12-19-at-14.14.271-300x225.jpeg 300w, https:\/\/le12.ma\/fr\/wp-content\/uploads\/2024\/12\/WhatsApp-Image-2024-12-19-at-14.14.271-1024x768.jpeg 1024w, https:\/\/le12.ma\/fr\/wp-content\/uploads\/2024\/12\/WhatsApp-Image-2024-12-19-at-14.14.271-768x576.jpeg 768w, https:\/\/le12.ma\/fr\/wp-content\/uploads\/2024\/12\/WhatsApp-Image-2024-12-19-at-14.14.271-1536x1152.jpeg 1536w\" sizes=\"(max-width: 1600px) 100vw, 1600px\" \/><\/p>\n<p><strong>Lors de son allocution d&rsquo;ouverture de cette \u00e9dition, le pr\u00e9sident du Festival, Khalid Chahid, a indiqu\u00e9 que ce festival transcende les diff\u00e9rences et les fronti\u00e8res pour transmettre des valeurs universelles de coexistence et de tol\u00e9rance, rappelant, \u00e0 cet effet, que la vall\u00e9e de Dr\u00e2a, fi\u00e8re de son identit\u00e9 plurielle, a de tout temps \u00e9t\u00e9 un carrefour de cultures par excellence.<\/strong><\/p>\n<p><strong>\u00ab\u00a0Cet \u00e9v\u00e9nement culturel et artistique qui compte parmi ses objectifs la promotion culturelle, sociale, \u00e9conomique et touristique de la r\u00e9gion, a \u00e9t\u00e9 con\u00e7u dans la perspective de corroborer les efforts des diff\u00e9rentes parties afin d&rsquo;assurer plus de rayonnement \u00e0 la r\u00e9gion et de v\u00e9hiculer les valeurs de tol\u00e9rance, d&rsquo;ouverture et de diversit\u00e9, \u00ab\u00a0ajoute-t-il en substance.<\/strong><\/p>\n<p><strong>Pour le pr\u00e9sident de ce festival th\u00e9matique, il s&rsquo;agit d&rsquo;encourager la production cin\u00e9matographique dans la r\u00e9gion de la vall\u00e9e de Dr\u00e2a et de promouvoir le cr\u00e9neau \u00ab\u00a0cin\u00e9-tourisme\u00a0\u00bb en plus d&rsquo;encourager les \u00e9changes entre les cin\u00e9astes marocains, africains, arabes et internationaux.<\/strong><\/p>\n<p><strong>M.Chahid a, par ailleurs, indiqu\u00e9 que depuis son lancement en 2003, le festival ne cesse d&rsquo;oeuvrer inlassablement pour r\u00e9unir toutes les conditions de son succ\u00e8s. Et d&rsquo;ajouter que la culture a toujours constitu\u00e9 un levier de d\u00e9veloppement local \u00e0 travers la promotion du patrimoine naturel, culturel et architectural dont regorge la r\u00e9gion.<\/strong><\/p>\n<p><strong>Saisissant cette occasion, il a \u00e9mis le souhait de voir Zagora devenir une destination privil\u00e9gi\u00e9e des cadors du cin\u00e9ma national et mondial, compte tenu de la richesse du patrimoine mat\u00e9riel et immat\u00e9riel que rec\u00e8le cette belle et paisible r\u00e9gion du Royaume.<\/strong><\/p>\n<p><strong>Dans le m\u00eame ordre d&rsquo;id\u00e9es, plusieurs intervenants ont mis l&rsquo;accent sur l&rsquo;importance de cet \u00e9v\u00e9nement culturel et artistique, consid\u00e9r\u00e9 d\u00e9sormais comme l&rsquo;un des rendez-vous incontournables du paysage cin\u00e9matographique national qui contribue au rayonnement culturel, \u00e9conomique et touristique de Zagora en particulier et de la r\u00e9gion de la vall\u00e9e de Dr\u00e2a en g\u00e9n\u00e9ral.<\/strong><\/p>\n<p><strong>A noter que cette 18 \u00e8me \u00e9dition s&rsquo;est distingu\u00e9e par par la pr\u00e9sence remarqu\u00e9e de l&rsquo;ambassadeur de la F\u00e9d\u00e9ration de Russie au Maroc, Vladimir Baibakov et de l&rsquo;ambassadrice de la R\u00e9publique du Kazakhstan au Maroc, Mme Saulekul Saylaukyzy.<\/strong><\/p>\n<p><strong>Cette \u00e9dition s&rsquo;est, en outre, illustr\u00e9e par la participation de plusieurs pays, des quatres coins du monde, aux quatre comp\u00e9titions officielles programm\u00e9es pour cette \u00e9dition : \u00ab\u00a0Long-m\u00e9trage fiction\u00a0\u00bb, \u00ab\u00a0Court-m\u00e9trage\u00a0\u00bb , \u00a0\u00bb Film documentaire\u00a0\u00bb et \u00a0\u00bb Meilleur sc\u00e9nario\u00a0\u00bb .<\/strong><\/p>\n<p><strong>Comme une pr\u00e9monition, le cin\u00e9ma Kazakh dont le pays sera l&rsquo;invit\u00e9 d&rsquo;honneur de la prochaine \u00e9dition, s&rsquo;est distingu\u00e9e par l&rsquo;obtention du Grand prix \u00a0\u00bb Long m\u00e9trage fiction\u00a0\u00bb du Festival international du film transsaharien de Zagora gr\u00e2ce au film \u00ab\u00a0Talaq\u00a0\u00bb du r\u00e9alisateur Daniyar Salamat. Le sacre a \u00e9t\u00e9 annonc\u00e9 par le grand r\u00e9alisateur indien Anup Singh, n\u00e9 \u00e0 Dar-Es-Salaam en Tanzanie et vivant actuellement \u00e0 Gen\u00e8ve en Suisse.<\/strong><br \/>\n<strong>Ce film raconte l&rsquo;histoire de Salimsak, un Kazakh ordinaire de la steppe, n&rsquo;a pas appr\u00e9ci\u00e9 que sa femme joue un r\u00f4le dans une pi\u00e8ce contre la polygamie. Suite \u00e0 une dispute, il a involontairement prononc\u00e9 le mot \u00a0\u00bb Talaq\u00a0\u00bb. Alors que Salimsak, qui n\u2019a jamais pens\u00e9 \u00e0 quitter sa femme, prie pour une solution, sa femme, sous l\u2019influence du slogan populaire de \u00a0\u00bb lib\u00e9ration des femmes\u00a0\u00bb , pense au divorce.<\/strong><\/p>\n<p><strong>Les organisateurs de cette \u00e9dition qui s&rsquo;est achev\u00e9e en apoth\u00e9ose, ont concoct\u00e9 pour cette \u00e9dition une programmation riche et vari\u00e9e. Outre les comp\u00e9titions officielles, au menu figurent \u00e9galement des tables rondes traitant des sujets li\u00e9s au cin\u00e9ma transsaharien, des ateliers th\u00e9matiques, des Master Class, la projection de films hors comp\u00e9tition ainsi qie plusieurs autres activit\u00e9s, parmi les quelles les danses artistiques et folkloriques locales et des visites des magnifiques sites naturels dans les environs de la ville de Zagora.<\/strong><\/p>\n<p><strong>\u00a0<\/strong><\/p>\n","protected":false},"excerpt":{"rendered":"<p>Le rideau est tomb\u00e9 vendredi sur la 18\u00e8me \u00e9dition du festival du film transsaharien de Zagora, en pr\u00e9sence de grands noms, marocains et \u00e9trangers du 7\u00e8me art, de passionn\u00e9s de cin\u00e9ma, de responsables et d&rsquo;\u00e9lus locaux et de plusieurs personnalit\u00e9s du monde de l&rsquo;art et de la culture. Organis\u00e9e par l&rsquo;association du film transsaharien de [&hellip;]<\/p>\n","protected":false},"author":2,"featured_media":46649,"comment_status":"open","ping_status":"open","sticky":false,"template":"","format":"standard","meta":[],"categories":[26,31,54,24],"tags":[15564],"yst_prominent_words":[257,457,3660],"jetpack_featured_media_url":"https:\/\/le12.ma\/fr\/wp-content\/uploads\/2024\/12\/WhatsApp-Image-2024-12-19-at-14.14.27.jpeg","_links":{"self":[{"href":"https:\/\/le12.ma\/fr\/wp-json\/wp\/v2\/posts\/46648"}],"collection":[{"href":"https:\/\/le12.ma\/fr\/wp-json\/wp\/v2\/posts"}],"about":[{"href":"https:\/\/le12.ma\/fr\/wp-json\/wp\/v2\/types\/post"}],"author":[{"embeddable":true,"href":"https:\/\/le12.ma\/fr\/wp-json\/wp\/v2\/users\/2"}],"replies":[{"embeddable":true,"href":"https:\/\/le12.ma\/fr\/wp-json\/wp\/v2\/comments?post=46648"}],"version-history":[{"count":2,"href":"https:\/\/le12.ma\/fr\/wp-json\/wp\/v2\/posts\/46648\/revisions"}],"predecessor-version":[{"id":46652,"href":"https:\/\/le12.ma\/fr\/wp-json\/wp\/v2\/posts\/46648\/revisions\/46652"}],"wp:featuredmedia":[{"embeddable":true,"href":"https:\/\/le12.ma\/fr\/wp-json\/wp\/v2\/media\/46649"}],"wp:attachment":[{"href":"https:\/\/le12.ma\/fr\/wp-json\/wp\/v2\/media?parent=46648"}],"wp:term":[{"taxonomy":"category","embeddable":true,"href":"https:\/\/le12.ma\/fr\/wp-json\/wp\/v2\/categories?post=46648"},{"taxonomy":"post_tag","embeddable":true,"href":"https:\/\/le12.ma\/fr\/wp-json\/wp\/v2\/tags?post=46648"},{"taxonomy":"yst_prominent_words","embeddable":true,"href":"https:\/\/le12.ma\/fr\/wp-json\/wp\/v2\/yst_prominent_words?post=46648"}],"curies":[{"name":"wp","href":"https:\/\/api.w.org\/{rel}","templated":true}]}}