{"id":46375,"date":"2024-12-05T11:55:51","date_gmt":"2024-12-05T10:55:51","guid":{"rendered":"https:\/\/le12.ma\/fr\/?p=46375"},"modified":"2024-12-05T11:27:24","modified_gmt":"2024-12-05T10:27:24","slug":"mohammed-mehdi-bensaid-le-caftan-fashion-show-incarne-la-puissance-de-la-diplomatie-culturelle-marocaine-dans-son-aspect-immateriel","status":"publish","type":"post","link":"https:\/\/le12.ma\/fr\/mohammed-mehdi-bensaid-le-caftan-fashion-show-incarne-la-puissance-de-la-diplomatie-culturelle-marocaine-dans-son-aspect-immateriel\/","title":{"rendered":"Bensaid : Le \u00ab\u00a0Caftan Fashion Show\u00a0\u00bb incarne la puissance de la diplomatie culturelle marocaine dans son aspect immat\u00e9riel"},"content":{"rendered":"<h2 id=\"div-gpt-ad-1479402937383-3-0\" class=\"ng-star-inserted\"><\/h2>\n<div id=\"contenu_article_0\" class=\"resume-article mb-4 text-left\">\n<h2><strong>Le \u00ab\u00a0Caftan <a href=\"https:\/\/le12.ma\/fr\/le-maroc-dejoue-une-nouvelle-tentative-dappropriation-illegale-de-son-patrimoine-par-lalgerie-aupres-de-lunesco\/\">Fashion<\/a> Show\u00a0\u00bb organis\u00e9, mercredi \u00e0 \u00ab\u00a0Dar Al Maghreb\u00a0\u00bb \u00e0 Doha, incarne la puissance de la diplomatie culturelle marocaine dans son aspect immat\u00e9riel, a indiqu\u00e9 le ministre de la Jeunesse, de la Culture et de la Communication, Mohammed Mehdi Bensaid.<\/strong><\/h2>\n<p><strong>Dans une d\u00e9claration \u00e0 la presse en marge de cet <a href=\"https:\/\/www.medi1news.com\/fr\/article\/336807.html\">\u00e9v\u00e9nement<\/a> pr\u00e9sid\u00e9 par Son Altesse Royale la Princesse Lalla Hasnaa et S.E. Sheikha Al Mayassa Bint Hamad Al-Thani, dans le cadre de l\u2019Ann\u00e9e Culturelle Qatar-Maroc 2024, M. Bensaid a affirm\u00e9 que ce d\u00e9fil\u00e9 exceptionnel c\u00e9l\u00e8bre le caract\u00e8re ancestral du caftan et le renouveau que conna\u00eet ce patrimoine marocain authentique dans les diff\u00e9rentes r\u00e9gions du Royaume.<\/strong><\/p>\n<p><strong>Et de souligner que le minist\u00e8re de tutelle oeuvre en coordination avec le minist\u00e8re du Tourisme, de l&rsquo;Artisanat, de l&rsquo;Economie sociale et solidaire, les acteurs de la soci\u00e9t\u00e9 civile et les professionnels du secteur pour inscrire le \u00ab\u00a0caftan marocain\u00a0\u00bb comme patrimoine immat\u00e9riel sur la liste de l&rsquo;UNESCO l&rsquo;ann\u00e9e prochaine.<\/strong><\/p>\n<p><strong>Ce d\u00e9fil\u00e9, auquel ont assist\u00e9 pr\u00e8s de 300 invit\u00e9s, a mis \u00e0 l\u2019honneur 10 cr\u00e9ateurs de caftans marocains, qui ont pu transformer leurs r\u00eaves en des cr\u00e9ations uniques m\u00ealant tradition et modernit\u00e9.<\/strong><\/p>\n<p><strong>Ponctu\u00e9 par des s\u00e9quences musicales qui refl\u00e8tent la richesse et la diversit\u00e9 du patrimoine musical marocain, cet \u00e9v\u00e9nement a \u00e9t\u00e9 marqu\u00e9 par la pr\u00e9sence de plusieurs ambassadeurs \u00e9trangers et d&rsquo;\u00e9minentes personnalit\u00e9s du monde de l\u2019art, de la culture et de l\u2019\u00e9conomie.<\/strong><\/p>\n<p><strong>Initi\u00e9e par \u00ab\u00a0Years of Culture\u00a0\u00bb, l\u2019Ann\u00e9e Culturelle Qatar-Maroc 2024 t\u00e9moigne de la profondeur et de la solidit\u00e9 des liens historiques entre les deux peuples fr\u00e8res et les deux Chefs d\u2019Etat, Sa Majest\u00e9 le Roi Mohammed VI, que Dieu L\u2019assiste, et Son Altesse Cheikh Tamim Bin Hamad Al Thani.<\/strong><\/p>\n<\/div>\n","protected":false},"excerpt":{"rendered":"<p>Le \u00ab\u00a0Caftan Fashion Show\u00a0\u00bb organis\u00e9, mercredi \u00e0 \u00ab\u00a0Dar Al Maghreb\u00a0\u00bb \u00e0 Doha, incarne la puissance de la diplomatie culturelle marocaine dans son aspect immat\u00e9riel, a indiqu\u00e9 le ministre de la Jeunesse, de la Culture et de la Communication, Mohammed Mehdi Bensaid. Dans une d\u00e9claration \u00e0 la presse en marge de cet \u00e9v\u00e9nement pr\u00e9sid\u00e9 par Son [&hellip;]<\/p>\n","protected":false},"author":2,"featured_media":46376,"comment_status":"open","ping_status":"open","sticky":false,"template":"","format":"standard","meta":[],"categories":[26,31,54,24],"tags":[15513],"yst_prominent_words":[138,583,261,2853,1716,827,454,1499,255],"jetpack_featured_media_url":"https:\/\/le12.ma\/fr\/wp-content\/uploads\/2024\/12\/Caftan-Fashion-Show.webp","_links":{"self":[{"href":"https:\/\/le12.ma\/fr\/wp-json\/wp\/v2\/posts\/46375"}],"collection":[{"href":"https:\/\/le12.ma\/fr\/wp-json\/wp\/v2\/posts"}],"about":[{"href":"https:\/\/le12.ma\/fr\/wp-json\/wp\/v2\/types\/post"}],"author":[{"embeddable":true,"href":"https:\/\/le12.ma\/fr\/wp-json\/wp\/v2\/users\/2"}],"replies":[{"embeddable":true,"href":"https:\/\/le12.ma\/fr\/wp-json\/wp\/v2\/comments?post=46375"}],"version-history":[{"count":2,"href":"https:\/\/le12.ma\/fr\/wp-json\/wp\/v2\/posts\/46375\/revisions"}],"predecessor-version":[{"id":46378,"href":"https:\/\/le12.ma\/fr\/wp-json\/wp\/v2\/posts\/46375\/revisions\/46378"}],"wp:featuredmedia":[{"embeddable":true,"href":"https:\/\/le12.ma\/fr\/wp-json\/wp\/v2\/media\/46376"}],"wp:attachment":[{"href":"https:\/\/le12.ma\/fr\/wp-json\/wp\/v2\/media?parent=46375"}],"wp:term":[{"taxonomy":"category","embeddable":true,"href":"https:\/\/le12.ma\/fr\/wp-json\/wp\/v2\/categories?post=46375"},{"taxonomy":"post_tag","embeddable":true,"href":"https:\/\/le12.ma\/fr\/wp-json\/wp\/v2\/tags?post=46375"},{"taxonomy":"yst_prominent_words","embeddable":true,"href":"https:\/\/le12.ma\/fr\/wp-json\/wp\/v2\/yst_prominent_words?post=46375"}],"curies":[{"name":"wp","href":"https:\/\/api.w.org\/{rel}","templated":true}]}}