{"id":46352,"date":"2024-12-04T09:53:19","date_gmt":"2024-12-04T08:53:19","guid":{"rendered":"https:\/\/le12.ma\/fr\/?p=46352"},"modified":"2024-12-04T09:56:09","modified_gmt":"2024-12-04T08:56:09","slug":"naima-elmcherqui-une-legende-celebree-au-festival-international-du-film-de-marrakech","status":"publish","type":"post","link":"https:\/\/le12.ma\/fr\/naima-elmcherqui-une-legende-celebree-au-festival-international-du-film-de-marrakech\/","title":{"rendered":"Na\u00efma Elmcherqui : Une l\u00e9gende c\u00e9l\u00e9br\u00e9e au Festival International du Film de Marrakech"},"content":{"rendered":"<h2><strong>Un <a href=\"https:\/\/le12.ma\/fr\/aziz-akhannouch-represente-sm-le-roi-mohammed-vi-au-sommet-one-water-a-riyad\/\">hommage<\/a> \u00e9tait rendu \u00e0 l&rsquo;actrice marocaine feue Na\u00efma Elmcherqui, ic\u00f4ne intemporelle de la sc\u00e8ne artistique marocaine, Disparue le 5 octobre 2024, la grande Dame du c\u0153ur, comme l\u2019a surnomm\u00e9e le r\u00e9alisateur Mohamed Mouftakir, a marqu\u00e9 plusieurs g\u00e9n\u00e9rations par son talent, sa g\u00e9n\u00e9rosit\u00e9 et son engagement. qui s\u2019inscrivait dans le cadre de la 21e \u00e9dition du Festival International du Film de Marrakech, rassemblant <a href=\"https:\/\/www.medi1news.com\/\">figures<\/a> embl\u00e9matiques du cin\u00e9ma marocain, cin\u00e9philes et admirateurs de l\u2019artiste.<\/strong><\/h2>\n<header class=\"article-header\">\n<nav class=\"post_breadcrumb\" aria-label=\"breadcrumb\"><\/nav>\n<\/header>\n<div class=\"article-content\">\n<p><strong>N\u00e9e \u00e0 Casablanca en 1943, Na\u00efma Elmcherqui d\u00e9couvre tr\u00e8s jeune sa passion pour la sc\u00e8ne. Encourag\u00e9e par son entourage, elle int\u00e8gre rapidement les troupes de th\u00e9\u00e2tre les plus prestigieuses, telles que celle de Tayeb Seddiki, la Ma\u00e2mora et la Radio Nationale, s\u2019imposant comme une actrice prometteuse d\u00e8s les ann\u00e9es 60. Son parcours au th\u00e9\u00e2tre la m\u00e8ne naturellement vers le cin\u00e9ma, o\u00f9 elle collabore avec des r\u00e9alisateurs de renom.<\/strong><\/p>\n<\/div>\n","protected":false},"excerpt":{"rendered":"<p>Un hommage \u00e9tait rendu \u00e0 l&rsquo;actrice marocaine feue Na\u00efma Elmcherqui, ic\u00f4ne intemporelle de la sc\u00e8ne artistique marocaine, Disparue le 5 octobre 2024, la grande Dame du c\u0153ur, comme l\u2019a surnomm\u00e9e le r\u00e9alisateur Mohamed Mouftakir, a marqu\u00e9 plusieurs g\u00e9n\u00e9rations par son talent, sa g\u00e9n\u00e9rosit\u00e9 et son engagement. qui s\u2019inscrivait dans le cadre de la 21e \u00e9dition [&hellip;]<\/p>\n","protected":false},"author":2,"featured_media":46353,"comment_status":"open","ping_status":"open","sticky":false,"template":"","format":"standard","meta":[],"categories":[26,9443,31,54],"tags":[15510],"yst_prominent_words":[1000,244],"jetpack_featured_media_url":"https:\/\/le12.ma\/fr\/wp-content\/uploads\/2024\/12\/naima-Elamcharqu.webp","_links":{"self":[{"href":"https:\/\/le12.ma\/fr\/wp-json\/wp\/v2\/posts\/46352"}],"collection":[{"href":"https:\/\/le12.ma\/fr\/wp-json\/wp\/v2\/posts"}],"about":[{"href":"https:\/\/le12.ma\/fr\/wp-json\/wp\/v2\/types\/post"}],"author":[{"embeddable":true,"href":"https:\/\/le12.ma\/fr\/wp-json\/wp\/v2\/users\/2"}],"replies":[{"embeddable":true,"href":"https:\/\/le12.ma\/fr\/wp-json\/wp\/v2\/comments?post=46352"}],"version-history":[{"count":4,"href":"https:\/\/le12.ma\/fr\/wp-json\/wp\/v2\/posts\/46352\/revisions"}],"predecessor-version":[{"id":46357,"href":"https:\/\/le12.ma\/fr\/wp-json\/wp\/v2\/posts\/46352\/revisions\/46357"}],"wp:featuredmedia":[{"embeddable":true,"href":"https:\/\/le12.ma\/fr\/wp-json\/wp\/v2\/media\/46353"}],"wp:attachment":[{"href":"https:\/\/le12.ma\/fr\/wp-json\/wp\/v2\/media?parent=46352"}],"wp:term":[{"taxonomy":"category","embeddable":true,"href":"https:\/\/le12.ma\/fr\/wp-json\/wp\/v2\/categories?post=46352"},{"taxonomy":"post_tag","embeddable":true,"href":"https:\/\/le12.ma\/fr\/wp-json\/wp\/v2\/tags?post=46352"},{"taxonomy":"yst_prominent_words","embeddable":true,"href":"https:\/\/le12.ma\/fr\/wp-json\/wp\/v2\/yst_prominent_words?post=46352"}],"curies":[{"name":"wp","href":"https:\/\/api.w.org\/{rel}","templated":true}]}}