{"id":45572,"date":"2024-10-23T10:49:19","date_gmt":"2024-10-23T09:49:19","guid":{"rendered":"https:\/\/le12.ma\/fr\/?p=45572"},"modified":"2024-10-23T09:52:13","modified_gmt":"2024-10-23T08:52:13","slug":"inauguration-a-sale-du-premier-centre-dinnovation-nokia-en-afrique-et-au-moyen-orient","status":"publish","type":"post","link":"https:\/\/le12.ma\/fr\/inauguration-a-sale-du-premier-centre-dinnovation-nokia-en-afrique-et-au-moyen-orient\/","title":{"rendered":"Inauguration \u00e0 Sal\u00e9 du premier centre d\u2019innovation \u201cNokia\u201d en Afrique et au Moyen-Orient"},"content":{"rendered":"<div class=\"penci-entry-content entry-content\">\n<h2 align=\"justify\"><strong>La ministre d\u00e9l\u00e9gu\u00e9e aupr\u00e8s du Chef du gouvernement charg\u00e9e de la Transition num\u00e9rique et de la R\u00e9forme de l\u2019administration, Ghita Mezzour a proc\u00e9d\u00e9, mardi \u00e0 Sal\u00e9, \u00e0 l\u2019inauguration du premier <a href=\"https:\/\/mapfinance.ma\/inauguration-a-sale-du-premier-centre-dinnovation-nokia-en-afrique-et-au-moyen-orient\/\">centre<\/a> d\u2019innovation du groupe international \u201cNokia\u201d en Afrique et au Moyen-Orient.<\/strong><\/h2>\n<p align=\"justify\"><strong>Inaugur\u00e9 en pr\u00e9sence notamment de l\u2019ambassadeur de Finlande au Maroc, Marjaana Sall et l\u2019ambassadeur des \u00c9tats-Unis aupr\u00e8s du Royaume, Puneet Talwar, ainsi que d\u2019autres <a href=\"https:\/\/le12.ma\/fr\/la-promotion-du-tourisme-interne-tributaire-dune-cooperation-effective-entre-les-differents-acteurs\/\">acteurs<\/a> des secteurs public et priv\u00e9, ce centre d\u2019innovation est \u00e9quip\u00e9 des technologies avanc\u00e9es couvrant les r\u00e9seaux fixes, IP et optiques de tout le portefeuille d\u2019infrastructures r\u00e9seau de Nokia, indique un communiqu\u00e9 du minist\u00e8re, notant que ces infrastructures\u00a0ont \u00e9t\u00e9 test\u00e9es et \u00e9labor\u00e9es par des comp\u00e9tences et ing\u00e9nieurs marocains et ce, avant d\u2019\u00eatre export\u00e9es vers les march\u00e9s de la r\u00e9gion EMEA (Europe, Moyen-Orient et Afrique).<\/strong><\/p>\n<p align=\"justify\"><strong>Le centre joue un r\u00f4le cl\u00e9 dans le d\u00e9veloppement des comp\u00e9tences num\u00e9riques, l\u2019accompagnement de la pr\u00e9paration \u00e0 la 5G et la stimulation de l\u2019innovation \u00e0 l\u2019\u00e9chelle de la r\u00e9gion EMEA, pr\u00e9cise-t-on.<\/strong><\/p>\n<p align=\"justify\"><strong>De m\u00eame, le centre renforce la pr\u00e9sence de Nokia dans l\u2019\u00e9cosyst\u00e8me des TIC au Maroc en soutenant des programmes de bourses et en proposant des formations pratiques aux \u00e9coles d\u2019ing\u00e9nieurs et aux universit\u00e9s, outre des certifications au profit de quelque 500 \u00e9tudiants et \u00e9tudiantes au cours des trois prochaines ann\u00e9es.<\/strong><\/p>\n<p align=\"justify\"><strong>\u00c0 cette occasion, Mme Mezzour a fait savoir que \u201cl\u2019ouverture du Centre d\u2019innovation de Nokia au Maroc t\u00e9moigne de la capacit\u00e9 de notre pays \u00e0 attirer des entreprises technologiques de premier plan et \u00e0 encourager l\u2019innovation sur le continent africain, en s\u2019appuyant principalement sur des comp\u00e9tences et exp\u00e9riences des ing\u00e9nieurs marocains en la mati\u00e8re\u201d, notant que ce centre renforcera \u201cnotre position en tant que hub r\u00e9gional pour les services num\u00e9riques \u00e0 travers la r\u00e9gion EMEA\u201d.<\/strong><\/p>\n<p align=\"justify\"><strong>Les diff\u00e9rentes initiatives dont le Royaume a connu au niveau du chantier de la digitalisation sont une incarnation de la vision \u00e9clair\u00e9e de SM le Roi Mohammed VI, qui a appel\u00e9 au d\u00e9veloppement des infrastructures techniques en mesure d\u2019accompagner le d\u00e9veloppement rapide du secteur num\u00e9rique.<\/strong><\/p>\n<p><strong>En marge de l\u2019ouverture du nouveau centre d\u2019innovation, Mme Mezzour a pris connaissance des r\u00e9centes innovations de \u201cNokia\u201d, sp\u00e9cialement con\u00e7ues pour les grands \u00e9v\u00e9nements sportifs, avec un focus particulier sur le football.<\/strong><\/p>\n<\/div>\n","protected":false},"excerpt":{"rendered":"<p>La ministre d\u00e9l\u00e9gu\u00e9e aupr\u00e8s du Chef du gouvernement charg\u00e9e de la Transition num\u00e9rique et de la R\u00e9forme de l\u2019administration, Ghita Mezzour a proc\u00e9d\u00e9, mardi \u00e0 Sal\u00e9, \u00e0 l\u2019inauguration du premier centre d\u2019innovation du groupe international \u201cNokia\u201d en Afrique et au Moyen-Orient. Inaugur\u00e9 en pr\u00e9sence notamment de l\u2019ambassadeur de Finlande au Maroc, Marjaana Sall et l\u2019ambassadeur [&hellip;]<\/p>\n","protected":false},"author":2,"featured_media":45573,"comment_status":"open","ping_status":"open","sticky":false,"template":"","format":"standard","meta":[],"categories":[26,3884,54],"tags":[15333,11789],"yst_prominent_words":[179,1117,311,694,170,69,3187,1467,967],"jetpack_featured_media_url":"https:\/\/le12.ma\/fr\/wp-content\/uploads\/2024\/10\/centre.jpeg","_links":{"self":[{"href":"https:\/\/le12.ma\/fr\/wp-json\/wp\/v2\/posts\/45572"}],"collection":[{"href":"https:\/\/le12.ma\/fr\/wp-json\/wp\/v2\/posts"}],"about":[{"href":"https:\/\/le12.ma\/fr\/wp-json\/wp\/v2\/types\/post"}],"author":[{"embeddable":true,"href":"https:\/\/le12.ma\/fr\/wp-json\/wp\/v2\/users\/2"}],"replies":[{"embeddable":true,"href":"https:\/\/le12.ma\/fr\/wp-json\/wp\/v2\/comments?post=45572"}],"version-history":[{"count":1,"href":"https:\/\/le12.ma\/fr\/wp-json\/wp\/v2\/posts\/45572\/revisions"}],"predecessor-version":[{"id":45574,"href":"https:\/\/le12.ma\/fr\/wp-json\/wp\/v2\/posts\/45572\/revisions\/45574"}],"wp:featuredmedia":[{"embeddable":true,"href":"https:\/\/le12.ma\/fr\/wp-json\/wp\/v2\/media\/45573"}],"wp:attachment":[{"href":"https:\/\/le12.ma\/fr\/wp-json\/wp\/v2\/media?parent=45572"}],"wp:term":[{"taxonomy":"category","embeddable":true,"href":"https:\/\/le12.ma\/fr\/wp-json\/wp\/v2\/categories?post=45572"},{"taxonomy":"post_tag","embeddable":true,"href":"https:\/\/le12.ma\/fr\/wp-json\/wp\/v2\/tags?post=45572"},{"taxonomy":"yst_prominent_words","embeddable":true,"href":"https:\/\/le12.ma\/fr\/wp-json\/wp\/v2\/yst_prominent_words?post=45572"}],"curies":[{"name":"wp","href":"https:\/\/api.w.org\/{rel}","templated":true}]}}