{"id":45341,"date":"2024-10-09T10:53:04","date_gmt":"2024-10-09T09:53:04","guid":{"rendered":"https:\/\/le12.ma\/fr\/?p=45341"},"modified":"2024-10-09T10:53:04","modified_gmt":"2024-10-09T09:53:04","slug":"la-20e-edition-du-festival-mawazine-rythmes-du-monde-du-20-au-28-juin-2025","status":"publish","type":"post","link":"https:\/\/le12.ma\/fr\/la-20e-edition-du-festival-mawazine-rythmes-du-monde-du-20-au-28-juin-2025\/","title":{"rendered":"La 20e \u00e9dition du Festival Mawazine-Rythmes du Monde, du 20 au 28 juin 2025"},"content":{"rendered":"<div class=\"penci-entry-content entry-content\">\n<h2><strong>La 20e <a href=\"https:\/\/www.medi1news.com\/fr\">\u00e9dition<\/a> du Festival\u00a0Mawazine-Rythmes du Monde se tiendra du 20 au 28 juin 2025 \u00e0 Rabat, annonce l\u2019Association Maroc Cultures.<\/strong><\/h2>\n<p><strong>Plac\u00e9 sous le Haut Patronage de Sa Majest\u00e9 le Roi Mohammed VI, le <a href=\"https:\/\/le12.ma\/fr\/lancement-de-la-23eme-edition-du-festival-international-de-volubilis-des-musiques-traditionnelles\/\">Festival\u00a0<\/a>Mawazine-Rythmes du Monde, organis\u00e9 par Maroc Cultures, reste fid\u00e8le \u00e0 sa mission premi\u00e8re, \u00e0 savoir d\u00e9mocratiser l\u2019acc\u00e8s aux cultures du monde entier pour tous les Marocains, pr\u00e9cise l\u2019Association dans un communiqu\u00e9.<\/strong><\/p>\n<p><strong>Comme \u00e0 chaque fois, le Festival repr\u00e9sentera un moment culturel incontournable pour le public avec, encore et toujours, un acc\u00e8s gratuit pour 90% des festivaliers et des prestations qui porteront haut les valeurs de paix, d\u2019ouverture, de tol\u00e9rance et de respect.<\/strong><\/p>\n<p><strong>\u201cPour cette nouvelle \u00e9dition, l\u2019un des plus grands \u00e9v\u00e9nements culturels de la plan\u00e8te promet une programmation de qualit\u00e9 et pleine de surprises \u00e0 tous les amoureux de la musique et de la culture, avec les plus grandes stars du r\u00e9pertoire mondial et arabe, les grands noms et les jeunes talents de la sc\u00e8ne marocaine, ainsi qu\u2019une s\u00e9lection des figures incontournables des plus beaux patrimoines musicaux des cinq continents\u201d, souligne la m\u00eame source.<\/strong><\/p>\n<p><strong>La 19e \u00e9dition du Festival avait r\u00e9uni plus 2,5 millions de spectateurs durant neuf jours de c\u00e9l\u00e9bration musicale sur les diff\u00e9rentes sc\u00e8nes de Rabat et Sal\u00e9.<\/strong><\/p>\n<p><strong>Cr\u00e9\u00e9 en 2001, le Festival\u00a0Mawazine-Rythmes du Monde est le rendez-vous incontournable des amateurs et passionn\u00e9s de musique au Maroc. Avec plus de 2 millions de festivaliers pour chacune de ses derni\u00e8res \u00e9ditions, il est consid\u00e9r\u00e9 comme le deuxi\u00e8me plus grand \u00e9v\u00e9nement culturel au monde.<\/strong><\/p>\n<p><strong>Organis\u00e9 chaque ann\u00e9e pendant neuf jours,\u00a0Mawazine\u00a0offre une programmation riche et exigeante qui m\u00eale les plus grandes stars du r\u00e9pertoire mondial et arabe, faisant des villes de Rabat et de Sal\u00e9 le th\u00e9\u00e2tre de rencontres exceptionnelles entre le public et des artistes de renom.<\/strong><\/p>\n<p><strong>Tr\u00e8s engag\u00e9 dans la promotion de la musique marocaine,\u00a0Mawazine\u00a0consacre plus de la moiti\u00e9 de sa programmation aux talents de la sc\u00e8ne nationale. Porteur des valeurs de paix, d\u2019ouverture, de tol\u00e9rance et de respect, le Festival propose un acc\u00e8s gratuit \u00e0 90% de ses festivaliers, faisant de l\u2019accessibilit\u00e9 des publics une mission essentielle.<\/strong><\/p>\n<p><strong>Il est en outre un soutien majeur \u00e0 l\u2019\u00e9conomie touristique r\u00e9gionale et un acteur de premier plan dans la cr\u00e9ation d\u2019une v\u00e9ritable industrie du spectacle au Maroc.<\/strong><\/p>\n<p><strong>Cr\u00e9\u00e9e en 2001, Maroc Cultures est une association \u00e0 but non lucratif qui s\u2019est fix\u00e9e pour mission principale de garantir aux publics de la r\u00e9gion de Rabat-Sal\u00e9-Zemmour-Za\u00ebr une animation culturelle et artistique d\u2019un niveau professionnel digne de la capitale du Maroc.<\/strong><\/p>\n<p><strong>En \u00e9cho aux valeurs fondamentales de la politique de d\u00e9veloppement de Sa Majest\u00e9 le Roi Mohammed VI, Maroc Cultures concr\u00e9tise cette noble mission via le Festival\u00a0Mawazine-Rythmes du Monde ainsi que diff\u00e9rentes manifestations, colloques pluridisciplinaires, expositions d\u2019art plastique et concerts.<\/strong><\/p>\n<\/div>\n","protected":false},"excerpt":{"rendered":"<p>La 20e \u00e9dition du Festival\u00a0Mawazine-Rythmes du Monde se tiendra du 20 au 28 juin 2025 \u00e0 Rabat, annonce l\u2019Association Maroc Cultures. Plac\u00e9 sous le Haut Patronage de Sa Majest\u00e9 le Roi Mohammed VI, le Festival\u00a0Mawazine-Rythmes du Monde, organis\u00e9 par Maroc Cultures, reste fid\u00e8le \u00e0 sa mission premi\u00e8re, \u00e0 savoir d\u00e9mocratiser l\u2019acc\u00e8s aux cultures du monde [&hellip;]<\/p>\n","protected":false},"author":2,"featured_media":30108,"comment_status":"open","ping_status":"open","sticky":false,"template":"","format":"standard","meta":[],"categories":[26,31,9268,54,24],"tags":[15252],"yst_prominent_words":[354,738,730,734],"jetpack_featured_media_url":"https:\/\/le12.ma\/fr\/wp-content\/uploads\/2023\/02\/63db719470bba_mawazine-festival.jpeg","_links":{"self":[{"href":"https:\/\/le12.ma\/fr\/wp-json\/wp\/v2\/posts\/45341"}],"collection":[{"href":"https:\/\/le12.ma\/fr\/wp-json\/wp\/v2\/posts"}],"about":[{"href":"https:\/\/le12.ma\/fr\/wp-json\/wp\/v2\/types\/post"}],"author":[{"embeddable":true,"href":"https:\/\/le12.ma\/fr\/wp-json\/wp\/v2\/users\/2"}],"replies":[{"embeddable":true,"href":"https:\/\/le12.ma\/fr\/wp-json\/wp\/v2\/comments?post=45341"}],"version-history":[{"count":1,"href":"https:\/\/le12.ma\/fr\/wp-json\/wp\/v2\/posts\/45341\/revisions"}],"predecessor-version":[{"id":45342,"href":"https:\/\/le12.ma\/fr\/wp-json\/wp\/v2\/posts\/45341\/revisions\/45342"}],"wp:featuredmedia":[{"embeddable":true,"href":"https:\/\/le12.ma\/fr\/wp-json\/wp\/v2\/media\/30108"}],"wp:attachment":[{"href":"https:\/\/le12.ma\/fr\/wp-json\/wp\/v2\/media?parent=45341"}],"wp:term":[{"taxonomy":"category","embeddable":true,"href":"https:\/\/le12.ma\/fr\/wp-json\/wp\/v2\/categories?post=45341"},{"taxonomy":"post_tag","embeddable":true,"href":"https:\/\/le12.ma\/fr\/wp-json\/wp\/v2\/tags?post=45341"},{"taxonomy":"yst_prominent_words","embeddable":true,"href":"https:\/\/le12.ma\/fr\/wp-json\/wp\/v2\/yst_prominent_words?post=45341"}],"curies":[{"name":"wp","href":"https:\/\/api.w.org\/{rel}","templated":true}]}}