{"id":45257,"date":"2024-10-03T13:33:44","date_gmt":"2024-10-03T12:33:44","guid":{"rendered":"https:\/\/le12.ma\/fr\/?p=45257"},"modified":"2024-10-03T13:21:49","modified_gmt":"2024-10-03T12:21:49","slug":"bensaid-prend-part-a-la-conference-ministerielle-preparatoire-au-sommet-de-la-francophonie","status":"publish","type":"post","link":"https:\/\/le12.ma\/fr\/bensaid-prend-part-a-la-conference-ministerielle-preparatoire-au-sommet-de-la-francophonie\/","title":{"rendered":"Bensaid prend part \u00e0 la Conf\u00e9rence minist\u00e9rielle pr\u00e9paratoire au sommet de la Francophonie"},"content":{"rendered":"<h2 class=\"node-tpl-ville-accroche\"><strong>Le <a href=\"https:\/\/www.mapnews.ma\/fr\/actualites\/culture\/m-bensaid-prend-part-%C3%A0-la-conf%C3%A9rence-minist%C3%A9rielle-pr%C3%A9paratoire-au-sommet-de-la\">ministre<\/a> de la Jeunesse, de la Culture et de la Communication, Mohamed Mehdi Bensaid, a pris part, jeudi \u00e0 Paris, \u00e0 la Conf\u00e9rence minist\u00e9rielle pr\u00e9paratoire au sommet de la Francophonie, qui s\u2019ouvre vendredi \u00e0 la Cit\u00e9 internationale de la langue fran\u00e7aise au ch\u00e2teau de Villers-Cotter\u00eats, au nord de la capitale fran\u00e7aise.<\/strong><\/h2>\n<div class=\"node-wrapper-img-corps\">\n<div class=\"node-tpl-image-legende\">\n<div class=\"img\">\n<div class=\"field field-name-field-image field-type-image field-label-hidden\">\n<div class=\"field-items\">\n<div class=\"field-item even\"><\/div>\n<\/div>\n<\/div>\n<\/div>\n<\/div>\n<div class=\"node-tpl-corps\">\n<p><strong>Lors de cette 45 e <a href=\"https:\/\/le12.ma\/fr\/walid-regragui-devoile-sa-litre-pour-la-double-confrontation-face-a-la-republique-centrafricaine\/\">session<\/a> de la conf\u00e9rence minist\u00e9rielle de la Francophonie, les d\u00e9l\u00e9gations des pays membres de l\u2019Organisation internationale de la Francophonie (OIF) \u00e9taient invit\u00e9es \u00e0 d\u00e9battre des documents pr\u00e9sent\u00e9s par la Secr\u00e9taire g\u00e9n\u00e9rale de l\u2019OIF, Louise Mushikiwabo, en particulier le projet de d\u00e9claration du sommet, le projet de r\u00e9solution sur les situations de crise et le m\u00e9canisme de suivi et d\u2019\u00e9valuation.<\/strong><\/p>\n<p><strong>Intervenant \u00e0 cette occasion, M. Bensaid a relev\u00e9 que le projet de d\u00e9claration de Villers-Cotter\u00eats appelant \u00e0 \u00ab\u00a0un nouvel \u00e9lan\u00a0\u00bb de partenariat, d&rsquo;innovation et de cr\u00e9ation au sein de la francophonie, \u00ab\u00a0illustre si bien et aussi bien les d\u00e9fis que les opportunit\u00e9s\u00a0\u00bb.<\/strong><\/p>\n<p><strong>A cet \u00e9gard, il a soulign\u00e9 le soutien du Maroc \u00e0 l&rsquo;engagement face au d\u00e9fi du financement climat\/biodiversit\u00e9, rappelant qu&rsquo;un Etat \u00ab\u00a0ne devrait jamais avoir \u00e0 choisir entre la lutte contre la pauvret\u00e9 et la pr\u00e9servation de notre plan\u00e8te\u00a0\u00bb.<\/strong><\/p>\n<p><strong>\u00ab\u00a0Nous affirmons notre fort appui \u00e0 la mention faite aux jeunes, leur \u00e9ducation, leur employabilit\u00e9 et leur mobilit\u00e9 crois\u00e9e, dont l&rsquo;avenir est une priorit\u00e9 qui nous engage \u00e0 \u0153uvrer pour la paix et le d\u00e9veloppement durable dans la solidarit\u00e9, l&rsquo;\u00e9quit\u00e9 et l&rsquo;inclusivit\u00e9. Et nous appelons \u00e0 cet \u00e9gard \u00e0 inclure l&rsquo;\u00e9ducation \u00e0 l&rsquo;entrepreneuriat aux cursus scolaires\u00a0\u00bb, a ajout\u00e9 le ministre.<\/strong><\/p>\n<p><strong>Rappelant l&rsquo;urgence de l&rsquo;instauration d&rsquo;une culture du digital responsable et de confiance dans l&rsquo;espace francophone, le Maroc, a-t-il indiqu\u00e9, propose d&rsquo;organiser en 2025 une conf\u00e9rence internationale sur la th\u00e9matique de la protection du jeune public dans l&rsquo;environnement m\u00e9diatique num\u00e9rique, r\u00e9unissant notamment les membres des r\u00e9seaux des r\u00e9gulateurs m\u00e9dia.<\/strong><\/p>\n<p><strong>Adh\u00e9rant au processus de transformation de l&rsquo;OlF en une organisation \u00e0 vocation \u00e9conomique engag\u00e9e dans les diff\u00e9rents processus de l&rsquo;agenda \u00e9conomique mondial, du d\u00e9veloppement durable et de l&rsquo;int\u00e9gration \u00e9conomiques des pays de l&rsquo;espace francophone, africains en particulier, le Maroc avait abrit\u00e9 les travaux de la 4e Rencontre des Entrepreneurs Francophones \u00e0 Marrakech en mai 2024, en partenariat avec l&rsquo;Alliance des patronats francophones et le MEDEF, un \u00e9v\u00e9nement r\u00e9ussi en termes de r\u00e9v\u00e9lation d&rsquo;opportunit\u00e9s \u00e9conomiques et de maillage d&rsquo;entrepreneurs de l\u2019espace francophone.<\/strong><\/p>\n<p><strong>Concernant le projet de r\u00e9solution sur les situations de crise, M. Bensaid a not\u00e9 que \u00ab\u00a0les d\u00e9fis multidimensionnels auxquels nous sommes confront\u00e9s ont exacerb\u00e9 les dissensions et fractures au sein de l&rsquo;espace francophone, ce qui a tendance \u00e0 fragiliser les valeurs et principes fondateurs de notre Organisation\u00a0\u00bb.<\/strong><\/p>\n<p><strong>Il a indiqu\u00e9 que le Maroc appelle, dans ce cadre, \u00e0 \u00ab\u00a0d\u00e9passer les clivages et les tensions entre Etats voisins, \u00e0 redonner un sens au multilat\u00e9ralisme inclusif que nous voulons et \u00e0 faire pr\u00e9valoir une solidarit\u00e9 francophone agissante\u00a0\u00bb.<\/strong><\/p>\n<p><strong>Soulignant que l&rsquo;Afrique en particulier continue d&rsquo;\u00eatre confront\u00e9e \u00e0 des d\u00e9fis et crises majeurs et complexes, en termes de s\u00e9curit\u00e9 et de d\u00e9veloppement socio-\u00e9conomique, le ministre a affirm\u00e9 que le Royaume, qui s&rsquo;inscrit dans le r\u00e8glement durable de ces crises, encourage \u00ab\u00a0une approche syst\u00e9mique et concert\u00e9e visant \u00e0 accompagner d&rsquo;une fa\u00e7on effective et anticip\u00e9e les pays en difficult\u00e9 et apporter un appui aux programmes et projets porteurs pour les populations des Etats en processus de transition\u00a0\u00bb.<\/strong><\/p>\n<p><strong>Le Maroc, a-t-il poursuivi, \u00ab\u00a0continuera \u00e0 \u0153uvrer avec d\u00e9termination pour une Afrique prosp\u00e8re, un Sahel stable et s\u00e9curis\u00e9, \u00e0 travers des initiatives concr\u00e8tes comme celles lanc\u00e9es par Sa Majest\u00e9 le Roi Mohammed VI, en particulier l&rsquo;initiative d&rsquo;acc\u00e8s des pays du Sahel \u00e0 l&rsquo;oc\u00e9an et celle de la fa\u00e7ade atlantique Afrique\u00a0\u00bb.<\/strong><\/p>\n<p><strong>Par ailleurs, le ministre a indiqu\u00e9 que le Royaume invite la francophonie par l&rsquo;entremise de sa Secr\u00e9taire G\u00e9n\u00e9rale, \u00e0 \u00ab\u00a0intensifier son soutien, dans le cadre de la gouvernance d\u00e9mocratique, aux processus de transition et de consolidation de la paix \u00e0 l&rsquo;endroit des pays africains suspendus des instances de l&rsquo;OlF, en perspective de leur r\u00e9int\u00e9gration\u00a0\u00bb.<\/strong><\/p>\n<p><strong>Evoquant la situation au Moyen Orient qui \u00ab\u00a0nous interpelle tous \u00e0 plus d&rsquo;un titre\u00a0\u00bb, le ministre a soulign\u00e9 qu\u2019au-del\u00e0 de la gestion de la crise humanitaire, le Maroc estime que \u00ab\u00a0la cessation des hostilit\u00e9s doit se faire en parall\u00e8le avec l&rsquo;ouverture d&rsquo;un horizon politique susceptible d&rsquo;instaurer une paix juste et durable dans la r\u00e9gion\u00a0\u00bb, que \u00ab\u00a0le recours aux n\u00e9gociations pour ressusciter le processus de paix entre les parties impose de barrer la route aux extr\u00e9mistes de tous bords\u00a0\u00bb et que \u00ab\u00a0la s\u00e9curit\u00e9 et la stabilit\u00e9 ne seront totalement instaur\u00e9es dans la r\u00e9gion que si cette dynamique est inscrite dans le cadre de la solution \u00e0 deux Etats, aux termes de laquelle Gaza est partie int\u00e9grante des territoires de l&rsquo;Etat palestinien ind\u00e9pendant, avec Al-Qods Oriental comme capitale\u00a0\u00bb.<\/strong><\/p>\n<p><strong>Il a rappel\u00e9 \u00e0 cet \u00e9gard que sur Hautes Instructions de Sa Majest\u00e9 le Roi Mohammed VI, en Sa qualit\u00e9 de Pr\u00e9sident du Comit\u00e9 Al Qods, le Maroc a proc\u00e9d\u00e9 \u00e0 l&rsquo;ouverture d&rsquo;une voie in\u00e9dite pour acheminer des aides alimentaires et m\u00e9dicales urgentes \u00e0 la population de Gaza.<\/strong><\/p>\n<p><strong>\u00a0Si\u00e8ge de l\u2019OIF, la France accueille, pour la premi\u00e8re fois depuis trente-trois ans, le XIXe Sommet de la Francophonie qui s\u2019ouvre vendredi \u00e0 la Cit\u00e9 internationale de la langue fran\u00e7aise au ch\u00e2teau de Villers-Cotter\u00eats, au nord de Paris, avant de se poursuivre le lendemain au Grand Palais de la capitale fran\u00e7aise, sous le th\u00e8me : \u00ab\u00a0Cr\u00e9er, innover et entreprendre en fran\u00e7ais\u00a0\u00bb.<\/strong><\/p>\n<\/div>\n<\/div>\n","protected":false},"excerpt":{"rendered":"<p>Le ministre de la Jeunesse, de la Culture et de la Communication, Mohamed Mehdi Bensaid, a pris part, jeudi \u00e0 Paris, \u00e0 la Conf\u00e9rence minist\u00e9rielle pr\u00e9paratoire au sommet de la Francophonie, qui s\u2019ouvre vendredi \u00e0 la Cit\u00e9 internationale de la langue fran\u00e7aise au ch\u00e2teau de Villers-Cotter\u00eats, au nord de la capitale fran\u00e7aise. Lors de cette [&hellip;]<\/p>\n","protected":false},"author":2,"featured_media":23991,"comment_status":"open","ping_status":"open","sticky":false,"template":"","format":"standard","meta":[],"categories":[26,31,33,54],"tags":[9020,15233,15232],"yst_prominent_words":[738,730,734],"jetpack_featured_media_url":"https:\/\/le12.ma\/fr\/wp-content\/uploads\/2022\/04\/Mohamed-Mehdi-Bensaid.jpg","_links":{"self":[{"href":"https:\/\/le12.ma\/fr\/wp-json\/wp\/v2\/posts\/45257"}],"collection":[{"href":"https:\/\/le12.ma\/fr\/wp-json\/wp\/v2\/posts"}],"about":[{"href":"https:\/\/le12.ma\/fr\/wp-json\/wp\/v2\/types\/post"}],"author":[{"embeddable":true,"href":"https:\/\/le12.ma\/fr\/wp-json\/wp\/v2\/users\/2"}],"replies":[{"embeddable":true,"href":"https:\/\/le12.ma\/fr\/wp-json\/wp\/v2\/comments?post=45257"}],"version-history":[{"count":1,"href":"https:\/\/le12.ma\/fr\/wp-json\/wp\/v2\/posts\/45257\/revisions"}],"predecessor-version":[{"id":45258,"href":"https:\/\/le12.ma\/fr\/wp-json\/wp\/v2\/posts\/45257\/revisions\/45258"}],"wp:featuredmedia":[{"embeddable":true,"href":"https:\/\/le12.ma\/fr\/wp-json\/wp\/v2\/media\/23991"}],"wp:attachment":[{"href":"https:\/\/le12.ma\/fr\/wp-json\/wp\/v2\/media?parent=45257"}],"wp:term":[{"taxonomy":"category","embeddable":true,"href":"https:\/\/le12.ma\/fr\/wp-json\/wp\/v2\/categories?post=45257"},{"taxonomy":"post_tag","embeddable":true,"href":"https:\/\/le12.ma\/fr\/wp-json\/wp\/v2\/tags?post=45257"},{"taxonomy":"yst_prominent_words","embeddable":true,"href":"https:\/\/le12.ma\/fr\/wp-json\/wp\/v2\/yst_prominent_words?post=45257"}],"curies":[{"name":"wp","href":"https:\/\/api.w.org\/{rel}","templated":true}]}}