{"id":45223,"date":"2024-09-30T22:29:18","date_gmt":"2024-09-30T21:29:18","guid":{"rendered":"https:\/\/le12.ma\/fr\/?p=45223"},"modified":"2024-09-30T22:29:18","modified_gmt":"2024-09-30T21:29:18","slug":"rabat-tanger-a-la-decouverte-de-la-magie-de-lart-et-du-cinema-mediterraneens","status":"publish","type":"post","link":"https:\/\/le12.ma\/fr\/rabat-tanger-a-la-decouverte-de-la-magie-de-lart-et-du-cinema-mediterraneens\/","title":{"rendered":"Rabat-Tanger . A la d\u00e9couverte de la magie de l&rsquo;art et du cin\u00e9ma m\u00e9diterran\u00e9ens"},"content":{"rendered":"<h2 class=\"p1\"><em><strong><span class=\"s1\">Lors d&rsquo;une conf\u00e9rence de presse organis\u00e9e lors de la c\u00e9r\u00e9monie d&rsquo;ouverture de MedFestival, l&rsquo;ambassadeur d&rsquo;Italie au Maroc, M. Armando Barrucco, a tenu \u00e0 souligner que le cin\u00e9ma est au coeur des activit\u00e9s organis\u00e9es par l&rsquo;ambassade et le centre culturel italien de Rabat.<span class=\"Apple-converted-space\">\u00a0<\/span><\/span><\/strong><\/em><\/h2>\n<p><span style=\"color: #ff0000;\"><strong>Par-<span style=\"-webkit-text-size-adjust: 100%;\">Driss Lyakoubi- le12.ma\/fr\u00a0<\/span><\/strong><\/span><\/p>\n<p>&nbsp;<\/p>\n<p class=\"p1\"><em><strong><span class=\"s1\"><br \/>\nLa capitale du Royaume a abrit\u00e9 du 25 au 29 septembre, la troisi\u00e8me \u00e9dition de MedFilm Festival. Organis\u00e9 par l&rsquo;ambassade d&rsquo;Italie \u00e0 et l&rsquo;institut culturel de Rabat, en collaboration avec l&rsquo;association MathexisOnius, ce rendez-vous culturel d\u00e9di\u00e9 \u00e0 la promotion du septi\u00e8me art m\u00e9diterran\u00e9en et europ\u00e9en n&rsquo;a pas manqu\u00e9 d&rsquo;originalit\u00e9 en proposant une programmation riche et vari\u00e9e, combinant projection de films, masterclasses et rencontres, mettant en avant le r\u00f4le du cin\u00e9ma comme miroir des \u00e9volutions soci\u00e9tales.<span class=\"Apple-converted-space\"><br \/>\n<\/span><\/span><\/strong><\/em><\/p>\n<p><img decoding=\"async\" loading=\"lazy\" class=\"alignnone size-full wp-image-45227\" src=\"https:\/\/le12.ma\/fr\/wp-content\/uploads\/2024\/09\/6de0db0e-174f-47ed-8127-0cdb2899d07c-1.jpeg\" alt=\"\" width=\"1040\" height=\"694\" srcset=\"https:\/\/le12.ma\/fr\/wp-content\/uploads\/2024\/09\/6de0db0e-174f-47ed-8127-0cdb2899d07c-1.jpeg 1040w, https:\/\/le12.ma\/fr\/wp-content\/uploads\/2024\/09\/6de0db0e-174f-47ed-8127-0cdb2899d07c-1-300x200.jpeg 300w, https:\/\/le12.ma\/fr\/wp-content\/uploads\/2024\/09\/6de0db0e-174f-47ed-8127-0cdb2899d07c-1-1024x683.jpeg 1024w, https:\/\/le12.ma\/fr\/wp-content\/uploads\/2024\/09\/6de0db0e-174f-47ed-8127-0cdb2899d07c-1-768x512.jpeg 768w\" sizes=\"(max-width: 1040px) 100vw, 1040px\" \/><\/p>\n<p class=\"p1\"><em><strong><span class=\"s1\"><span class=\"Apple-converted-space\"><br \/>\n<\/span>\u00ab\u00a0C&rsquo;est un festival qui a pour objectif de renforcer le dialogue culturel entre l&rsquo;Italie et le Maroc et l&rsquo;ensemble des pays de la M\u00e9diterran\u00e9e, o\u00f9 arts, notamment le cin\u00e9ma, favorisent la compr\u00e9hension mutuelle et la diversit\u00e9 culturelle,\u00a0\u00bb souligne un communiqu\u00e9 de l&rsquo;institut culturel de Rabat.<\/span><\/strong><\/em><\/p>\n<p class=\"p1\"><em><strong><span class=\"s1\">Lors d&rsquo;une conf\u00e9rence de presse organis\u00e9e lors de la c\u00e9r\u00e9monie d&rsquo;ouverture de MedFestival, l&rsquo;ambassadeur d&rsquo;Italie au Maroc, M. Armando Barrucco, a tenu \u00e0 souligner que le cin\u00e9ma est au coeur des activit\u00e9s organis\u00e9es par l&rsquo;ambassade et le centre culturel italien de Rabat.<span class=\"Apple-converted-space\">\u00a0<\/span><\/span><\/strong><\/em><\/p>\n<p class=\"p1\"><em><strong><span class=\"s1\"> \u00ab\u00a0La culture de mani\u00e8re g\u00e9n\u00e9rale et le cin\u00e9ma en particulier, pr\u00e9cise-t-il, sont un miroir extraordinairement clair de nos soci\u00e9t\u00e9s, ainsi que des crises qu&rsquo;elles traversent et des bouleversements qui se dessinent \u00e0 l&rsquo;horizon\u00a0\u00bb. <\/span><\/strong><\/em><\/p>\n<p class=\"p1\"><em><strong><span class=\"s1\">Pour l&rsquo;ambassadeur, tous les films programm\u00e9s r\u00e9pondent \u00e0 cette matrice et sont profond\u00e9ment ancr\u00e9s dans la contemporan\u00e9it\u00e9, en parfaite harmonie avec les grands atouts de la culture italienne et m\u00e9diterran\u00e9enne \u00ab\u00a0.<\/span><\/strong><\/em><\/p>\n<p class=\"p1\"><em><strong><span class=\"s1\">Dans le m\u00eame ordre d&rsquo;id\u00e9es, la directrice et attach\u00e9e aux affaires culturelles de l&rsquo;institut culturel italien de Rabat a mis en lumi\u00e8re l&rsquo;impact positif du festival sur l&rsquo;identit\u00e9 culturelle m\u00e9diterran\u00e9enne.<\/span><\/strong><\/em><\/p>\n<p class=\"p1\"><em><strong><span class=\"s1\"> \u00a0\u00bb Le septi\u00e8me art, d\u00e9clare-t-elle, devient l&rsquo;expression d&rsquo;une identit\u00e9 m\u00e9diterran\u00e9enne bas\u00e9e sur la compr\u00e9hension de l&rsquo;autre et la rencontre entre diff\u00e9rentes langues et religions. En renouvelant cette rencontre magique entre le monde r\u00e9el et imaginaire ;<span class=\"Apple-converted-space\">\u00a0 <\/span>le cin\u00e9ma, la musique et la<span class=\"Apple-converted-space\">\u00a0 <\/span>danse cr\u00e9ent des moments sublimes, riches de contenus et d&rsquo;humanit\u00e9 \u00ab\u00a0.<\/span><\/strong><\/em><\/p>\n<p class=\"p1\"><em><strong><span class=\"s1\">A noter que le MedFestival qui b\u00e9n\u00e9ficie du soutien de la fondation Hiba, le cin\u00e9ma Renaissance, l&rsquo;institut sup\u00e9rieur des m\u00e9tiers de l&rsquo;audiovisuel et du cin\u00e9ma (ISMAC) et la fondation T\u00e9nor pour la culture, a innov\u00e9 cette ann\u00e9e avec la cr\u00e9ation du Prix MedFilm Festival pour r\u00e9compenser les jeunes talents du cin\u00e9ma.<\/span><\/strong><\/em><\/p>\n<p><img decoding=\"async\" loading=\"lazy\" class=\"alignnone size-full wp-image-45226\" src=\"https:\/\/le12.ma\/fr\/wp-content\/uploads\/2024\/09\/6de0db0e-174f-47ed-8127-0cdb2899d07c.jpeg\" alt=\"\" width=\"1040\" height=\"694\" srcset=\"https:\/\/le12.ma\/fr\/wp-content\/uploads\/2024\/09\/6de0db0e-174f-47ed-8127-0cdb2899d07c.jpeg 1040w, https:\/\/le12.ma\/fr\/wp-content\/uploads\/2024\/09\/6de0db0e-174f-47ed-8127-0cdb2899d07c-300x200.jpeg 300w, https:\/\/le12.ma\/fr\/wp-content\/uploads\/2024\/09\/6de0db0e-174f-47ed-8127-0cdb2899d07c-1024x683.jpeg 1024w, https:\/\/le12.ma\/fr\/wp-content\/uploads\/2024\/09\/6de0db0e-174f-47ed-8127-0cdb2899d07c-768x512.jpeg 768w\" sizes=\"(max-width: 1040px) 100vw, 1040px\" \/><\/p>\n<p class=\"p1\"><em><strong><span class=\"s1\">A cet egard, la pr\u00e9sidente fondatrice et directrice du festival, Mme Ginella Vocca, a r\u00e9v\u00e9l\u00e9 que le festival attribuera cette ann\u00e9e trois bourses de 2500, 1500 et 1000 euros \u00e0 trois \u00e9tudiants de l&rsquo;ISMAC pour leur court-m\u00e9trage de dipl\u00f4me, et le laur\u00e9at du premier prix participera \u00e0 la 30 \u00e8me \u00e9dition du MedFilm Festival de Rome, pr\u00e9vue du 7 au 17 novembre 2024 \u00e0 Rome, dans le cadre du projet Mathexis.<\/span><\/strong><\/em><\/p>\n<p class=\"p1\"><em><strong><span class=\"s1\">La troisi\u00e8me \u00e9dition du MedFestival s&rsquo;est achev\u00e9e en apoth\u00e9ose avec une soir\u00e9e gala au th\u00e9\u00e2tre national Mohammed V, le 29 septembre. <\/span><\/strong><\/em><\/p>\n<p class=\"p1\"><em><strong><span class=\"s1\"><br \/>\nLe public m\u00e9lomane a eu l&rsquo;occasion de go\u00fbter aux d\u00e9lices d&rsquo;un spectacle exceptionnelle du<span class=\"Apple-converted-space\">\u00a0 <\/span>\u00ab\u00a0Balleto Di Milano\u00a0\u00bb, accompagn\u00e9 par le c\u00e9l\u00e9brissime orchestre Amadeus de Trecate sous la direction du Maestro Carlo Pesta. Cette performance musicale a \u00e9t\u00e9 consacr\u00e9e aux musiques les plus embl\u00e9matiques du cin\u00e9ma italien.<\/span><\/strong><\/em><\/p>\n<p class=\"p1\"><em><strong><span class=\"s1\">Les cin\u00e9philes de la ville du d\u00e9troit, Tanger seront aussi au rendez-vous avec le MedFestival, du 2 au 5 octobre. Une \u00e9dition qui propose une s\u00e9lection de 20 films de diff\u00e9rents pays du pourtour m\u00e9diterran\u00e9en, dont des oeuvres prim\u00e9es, telles que<span class=\"Apple-converted-space\">\u00a0 <\/span>\u00ab\u00a0Moi, capitaine\u00a0\u00bb<span class=\"Apple-converted-space\">\u00a0 <\/span>du r\u00e9alisateur italien Matteo Garrone.<\/span><\/strong><\/em><\/p>\n","protected":false},"excerpt":{"rendered":"<p>Lors d&rsquo;une conf\u00e9rence de presse organis\u00e9e lors de la c\u00e9r\u00e9monie d&rsquo;ouverture de MedFestival, l&rsquo;ambassadeur d&rsquo;Italie au Maroc, M. Armando Barrucco, a tenu \u00e0 souligner que le cin\u00e9ma est au coeur des activit\u00e9s organis\u00e9es par l&rsquo;ambassade et le centre culturel italien de Rabat.\u00a0 Par-Driss Lyakoubi- le12.ma\/fr\u00a0 &nbsp; La capitale du Royaume a abrit\u00e9 du 25 au [&hellip;]<\/p>\n","protected":false},"author":2,"featured_media":45224,"comment_status":"open","ping_status":"open","sticky":false,"template":"","format":"standard","meta":[],"categories":[26,9442,9443,31,54],"tags":[6244,6824,5112,533],"yst_prominent_words":[],"jetpack_featured_media_url":"https:\/\/le12.ma\/fr\/wp-content\/uploads\/2024\/09\/fcd5e859-ac83-491c-b9ec-d9bb805997a4.jpeg","_links":{"self":[{"href":"https:\/\/le12.ma\/fr\/wp-json\/wp\/v2\/posts\/45223"}],"collection":[{"href":"https:\/\/le12.ma\/fr\/wp-json\/wp\/v2\/posts"}],"about":[{"href":"https:\/\/le12.ma\/fr\/wp-json\/wp\/v2\/types\/post"}],"author":[{"embeddable":true,"href":"https:\/\/le12.ma\/fr\/wp-json\/wp\/v2\/users\/2"}],"replies":[{"embeddable":true,"href":"https:\/\/le12.ma\/fr\/wp-json\/wp\/v2\/comments?post=45223"}],"version-history":[{"count":2,"href":"https:\/\/le12.ma\/fr\/wp-json\/wp\/v2\/posts\/45223\/revisions"}],"predecessor-version":[{"id":45228,"href":"https:\/\/le12.ma\/fr\/wp-json\/wp\/v2\/posts\/45223\/revisions\/45228"}],"wp:featuredmedia":[{"embeddable":true,"href":"https:\/\/le12.ma\/fr\/wp-json\/wp\/v2\/media\/45224"}],"wp:attachment":[{"href":"https:\/\/le12.ma\/fr\/wp-json\/wp\/v2\/media?parent=45223"}],"wp:term":[{"taxonomy":"category","embeddable":true,"href":"https:\/\/le12.ma\/fr\/wp-json\/wp\/v2\/categories?post=45223"},{"taxonomy":"post_tag","embeddable":true,"href":"https:\/\/le12.ma\/fr\/wp-json\/wp\/v2\/tags?post=45223"},{"taxonomy":"yst_prominent_words","embeddable":true,"href":"https:\/\/le12.ma\/fr\/wp-json\/wp\/v2\/yst_prominent_words?post=45223"}],"curies":[{"name":"wp","href":"https:\/\/api.w.org\/{rel}","templated":true}]}}