{"id":44895,"date":"2024-09-09T10:10:07","date_gmt":"2024-09-09T09:10:07","guid":{"rendered":"https:\/\/le12.ma\/fr\/?p=44895"},"modified":"2024-09-09T10:10:07","modified_gmt":"2024-09-09T09:10:07","slug":"lancement-de-la-23eme-edition-du-festival-international-de-volubilis-des-musiques-traditionnelles","status":"publish","type":"post","link":"https:\/\/le12.ma\/fr\/lancement-de-la-23eme-edition-du-festival-international-de-volubilis-des-musiques-traditionnelles\/","title":{"rendered":"Lancement de La 23\u00e8me \u00e9dition du Festival international de Volubilis des musiques traditionnelles"},"content":{"rendered":"<div id=\"contenu_article\" class=\"resume-article mb-4 text-left\">\n<h2><strong>La 23\u00e8me <a href=\"https:\/\/www.medi1news.com\/fr\/article\/327965.html\">\u00e9dition<\/a> du Festival de Volubilis des musiques traditionnelles du monde se tiendra du 12 au 15 septembre dans le site arch\u00e9ologique Volubilis et \u00e0 Mekn\u00e8s, \u00e0 l\u2019initiative du minist\u00e8re de la Jeunesse, de la Culture et de la Communication (D\u00e9partement de la Culture).<\/strong><\/h2>\n<p><strong>Plac\u00e9e sous le Haut <a href=\"https:\/\/le12.ma\/fr\/m-akhannouch-arrive-a-pekin-pour-representer-sa-majeste-le-roi-au-sommet-du-forum-sur-la-cooperation-sino-africaine\/\">Patronage<\/a> de Sa Majest\u00e9 le Roi Mohammed VI, cette manifestation culturelle s&rsquo;inscrit dans le cadre de la strat\u00e9gie du minist\u00e8re visant \u00e0 pr\u00e9server le patrimoine culturel, artistique et immat\u00e9riel dans ses diverses manifestations cr\u00e9atives et expressives, et \u00e0 renforcer le soutien \u00e0 la cr\u00e9ation artistique en s\u2019ouvrant sur les cultures du monde, indique dimanche un communiqu\u00e9 du minist\u00e8re.<\/strong><\/p>\n<p><strong>Cet \u00e9v\u00e8nement, organis\u00e9 en partenariat avec la pr\u00e9fecture de Mekn\u00e8s, \u00ab\u00a0constitue l&rsquo;un des festivals li\u00e9s \u00e0 un site arch\u00e9ologique et historique, \u00e0 l\u2019instar de plusieurs festivals visant \u00e0 c\u00e9l\u00e9brer le patrimoine culturel dans ses diff\u00e9rents types, ses diff\u00e9rentes expressions et ses appartenances g\u00e9ographiques\u00a0\u00bb, souligne la m\u00eame source, ajoutant qu\u2019il s\u2019agit d\u2019une occasion de rendre hommage aux pratiquants et \u00e0 ceux qui veillent sur ce patrimoine culturel et artistique.<\/strong><\/p>\n<p><strong>Ce festival constitue \u00e9galement une occasion d\u2019attirer l\u2019attention sur les caract\u00e9ristiques touristiques, culturelles et historiques des sites arch\u00e9ologiques et des espaces g\u00e9ographiques qui les accueillent (site arch\u00e9ologique Volubilis, ville de Moulay Driss Zerhoun et l\u2019ancienne m\u00e9dina de Mekn\u00e8s), tout en contribuant \u00e0 renforcer le rayonnement culturel et artistique de ces r\u00e9gions et les int\u00e9grer dans leur environnement socio-\u00e9conomique, ajoute la m\u00eame source.<\/strong><\/p>\n<p><strong>Cette \u00e9dition allie \u00e9change culturel et m\u00e9tissage artistique \u00e0 travers la programmation de 44 soir\u00e9es artistiques, anim\u00e9es par une pl\u00e9iade d&rsquo;artistes et de troupes musicales du Maroc et d&rsquo;ailleurs, repr\u00e9sentant diff\u00e9rents styles et couleurs cr\u00e9atives du patrimoine musical traditionnel. Ces soir\u00e9es auront lieu dans quatre espaces : le site arch\u00e9ologique Volubilis, la place principale, la place \u00ab\u00a0Lahdim\u00a0\u00bb et le Centre culturel Mohamed Al Manouni.<\/strong><\/p>\n<p><strong>Cette manifestation sera marqu\u00e9e par la participation de plusieurs pays fr\u00e8res et amis dont l\u2019Espagne, la Chine, le S\u00e9n\u00e9gal et la Jordanie, pr\u00e9cise le communiqu\u00e9.<\/strong><\/p>\n<p><strong>Par ailleurs, le minist\u00e8re de la Jeunesse, de la Culture et de la Communication rendra hommage \u00e0 plusieurs artistes tels que Mohamed Briouel, Mohamed El Ouali, Hadda O Akki et Bouchaib Benaguida afin de consacrer la culture de la reconnaissance aux pionniers des arts du spectacle au Maroc.<\/strong><\/p>\n<\/div>\n","protected":false},"excerpt":{"rendered":"<p>La 23\u00e8me \u00e9dition du Festival de Volubilis des musiques traditionnelles du monde se tiendra du 12 au 15 septembre dans le site arch\u00e9ologique Volubilis et \u00e0 Mekn\u00e8s, \u00e0 l\u2019initiative du minist\u00e8re de la Jeunesse, de la Culture et de la Communication (D\u00e9partement de la Culture). Plac\u00e9e sous le Haut Patronage de Sa Majest\u00e9 le Roi [&hellip;]<\/p>\n","protected":false},"author":2,"featured_media":44896,"comment_status":"open","ping_status":"open","sticky":false,"template":"","format":"standard","meta":[],"categories":[26,9268,54,24],"tags":[15146,12859],"yst_prominent_words":[2849,583,263,257,457,2773,148,493,255,453],"jetpack_featured_media_url":"https:\/\/le12.ma\/fr\/wp-content\/uploads\/2024\/09\/Festival-international-de-Volubilis.jpg","_links":{"self":[{"href":"https:\/\/le12.ma\/fr\/wp-json\/wp\/v2\/posts\/44895"}],"collection":[{"href":"https:\/\/le12.ma\/fr\/wp-json\/wp\/v2\/posts"}],"about":[{"href":"https:\/\/le12.ma\/fr\/wp-json\/wp\/v2\/types\/post"}],"author":[{"embeddable":true,"href":"https:\/\/le12.ma\/fr\/wp-json\/wp\/v2\/users\/2"}],"replies":[{"embeddable":true,"href":"https:\/\/le12.ma\/fr\/wp-json\/wp\/v2\/comments?post=44895"}],"version-history":[{"count":1,"href":"https:\/\/le12.ma\/fr\/wp-json\/wp\/v2\/posts\/44895\/revisions"}],"predecessor-version":[{"id":44897,"href":"https:\/\/le12.ma\/fr\/wp-json\/wp\/v2\/posts\/44895\/revisions\/44897"}],"wp:featuredmedia":[{"embeddable":true,"href":"https:\/\/le12.ma\/fr\/wp-json\/wp\/v2\/media\/44896"}],"wp:attachment":[{"href":"https:\/\/le12.ma\/fr\/wp-json\/wp\/v2\/media?parent=44895"}],"wp:term":[{"taxonomy":"category","embeddable":true,"href":"https:\/\/le12.ma\/fr\/wp-json\/wp\/v2\/categories?post=44895"},{"taxonomy":"post_tag","embeddable":true,"href":"https:\/\/le12.ma\/fr\/wp-json\/wp\/v2\/tags?post=44895"},{"taxonomy":"yst_prominent_words","embeddable":true,"href":"https:\/\/le12.ma\/fr\/wp-json\/wp\/v2\/yst_prominent_words?post=44895"}],"curies":[{"name":"wp","href":"https:\/\/api.w.org\/{rel}","templated":true}]}}