{"id":44673,"date":"2024-08-23T17:07:25","date_gmt":"2024-08-23T16:07:25","guid":{"rendered":"https:\/\/le12.ma\/fr\/?p=44673"},"modified":"2024-08-23T16:09:38","modified_gmt":"2024-08-23T15:09:38","slug":"ouverture-a-tetouan-de-la-12eme-edition-du-festival-voix-de-femmes","status":"publish","type":"post","link":"https:\/\/le12.ma\/fr\/ouverture-a-tetouan-de-la-12eme-edition-du-festival-voix-de-femmes\/","title":{"rendered":"Ouverture \u00e0 T\u00e9touan de la 12\u00e8me \u00e9dition du festival \u00ab\u00a0Voix de Femmes\u00a0\u00bb"},"content":{"rendered":"<h2 class=\"node-tpl-ville-accroche\"><strong>La 12\u00e8me \u00e9dition du <a href=\"https:\/\/www.mapnews.ma\/fr\/actualites\/culture\/ouverture-%C3%A0-t%C3%A9touan-de-la-12%C3%A8me-%C3%A9dition-du-festival-voix-de-femmes\">festival<\/a> \u00ab\u00a0Voix de Femmes\u00a0\u00bb a \u00e9t\u00e9 ouverte, jeudi soir au th\u00e9\u00e2tre espagnol de T\u00e9touan, en pr\u00e9sence notamment de la ministre de la Solidarit\u00e9, de l&rsquo;Insertion sociale et de la Famille, Aawatif Hayar.<\/strong><\/h2>\n<div class=\"node-wrapper-img-corps\">\n<div class=\"node-tpl-image-legende\">\n<div class=\"img\">\n<div class=\"field field-name-field-image field-type-image field-label-hidden\">\n<div class=\"field-items\">\n<div class=\"field-item even\"><strong>\u00a0<\/strong><\/div>\n<\/div>\n<\/div>\n<\/div>\n<\/div>\n<div class=\"node-tpl-corps\">\n<p><strong>Lors de la <a href=\"https:\/\/le12.ma\/fr\/rabat-vibre-au-rythme-de-la-troisieme-edition-du-rabafrica-summer-festival\/\">c\u00e9r\u00e9monie<\/a> d\u2019ouverture de cette \u00e9dition, organis\u00e9e sous le Haut Patronage de SM le Roi Mohammed VI, un hommage a \u00e9t\u00e9 rendu \u00e0 la pr\u00e9sidente du Conseil national des droits de l&rsquo;Homme (CNDH), Amina Bouayach, \u00e0 la pr\u00e9sidente du conseil r\u00e9gional du tourisme de Tanger-T\u00e9touan-Al Hoceima, Rkya Alaoui, \u00e0 la journaliste Zoubaida Fathi et \u00e0 la pr\u00e9sidente de l&rsquo;Association \u201cSanade\u201d protectrice des personnes \u00e2g\u00e9es et des personnes atteintes de troubles mentaux, Na\u00efma Bouhati, en plus des deux coop\u00e9ratives \u201cVegetaland\u201d et \u201cAghssane\u201d.<\/strong><\/p>\n<p><strong>La c\u00e9r\u00e9monie d\u2019ouverture du festival, qui revient cette ann\u00e9e apr\u00e8s une pause impos\u00e9e par la pand\u00e9mie, a \u00e9galement \u00e9t\u00e9 marqu\u00e9e par un spectacle musical alliant flamenco et musique andalouse, offert par l\u2019artiste marocaine Zineb Afilal et le groupe espagnol Maria Ol\u00e9 Flamenco.<\/strong><\/p>\n<p><strong>Dans une d\u00e9claration \u00e0 la MAP, Karima Benyaich, pr\u00e9sidente de l\u2019association \u201cVoix de Femmes\u201d, organisatrice de l\u2019\u00e9v\u00e9nement, a indiqu\u00e9 que cette \u00e9dition, qui se d\u00e9roule du 22 au 24 ao\u00fbt, vient c\u00e9l\u00e9brer la cr\u00e9ativit\u00e9 artistique des femmes sous le th\u00e8me \u201cLa femme, partenaire essentiel pour un changement p\u00e9renne\u201d.\u00a0<\/strong><\/p>\n<p><strong>Ce th\u00e8me s\u2019inscrit dans la droite ligne des Hautes Orientations Royales, visant \u00e0 promouvoir les droits et la condition des femmes marocaines, reconnaissant leur r\u00f4le crucial dans le d\u00e9veloppement durable et la modernisation de la soci\u00e9t\u00e9 marocaine, a-t-elle not\u00e9.<\/strong><\/p>\n<p><strong>Il refl\u00e8te \u00e9galement la vocation du festival \u00e0 mettre en lumi\u00e8re des artistes f\u00e9minines locales et internationales de haut niveau, et \u00e0 v\u00e9hiculer les valeurs de solidarit\u00e9, d\u2019ouverture et de tol\u00e9rance, a-t-elle ajout\u00e9.<\/strong><\/p>\n<p><strong>Le festival, suivant son approche et sa philosophie depuis sa premi\u00e8re \u00e9dition, porte \u00e9galement une attention particuli\u00e8re \u00e0 l&rsquo;action sociale, a poursuivi Mme Benyaich, faisant savoir que cette \u00e9dition sera marqu\u00e9e par l\u2019organisation d\u2019une caravane \u201cSant\u00e9 Pour Tous\u201d en faveur de plus de 120 b\u00e9n\u00e9ficiaires en situation de vuln\u00e9rabilit\u00e9, le lancement de plusieurs actions solidaires au profit de femmes d\u00e9tenues au centre p\u00e9nitentiaire de T\u00e9touan, et une remise de dons au profit des pensionnaires du Centre Sidi Frej.<\/strong><\/p>\n<p><strong>Le festival se poursuit vendredi \u00e0 T\u00e9touan, avec un concert de des artistes Hajar Fezzaka et Hind Ziadi, en plus du groupe espagnol Gipsy Queens Generation, tandis que la soir\u00e9e de cl\u00f4ture, pr\u00e9vue samedi, verra la participation de l&rsquo;artiste t\u00e9touanaise Youssra Derdabi et\u00a0 la chanteuse maroco-irakienne Shatha Hassoun, pour cl\u00f4turer sur un concert de la chanteuse libanaise Carole Samaha.<\/strong><\/p>\n<\/div>\n<\/div>\n","protected":false},"excerpt":{"rendered":"<p>La 12\u00e8me \u00e9dition du festival \u00ab\u00a0Voix de Femmes\u00a0\u00bb a \u00e9t\u00e9 ouverte, jeudi soir au th\u00e9\u00e2tre espagnol de T\u00e9touan, en pr\u00e9sence notamment de la ministre de la Solidarit\u00e9, de l&rsquo;Insertion sociale et de la Famille, Aawatif Hayar. \u00a0 Lors de la c\u00e9r\u00e9monie d\u2019ouverture de cette \u00e9dition, organis\u00e9e sous le Haut Patronage de SM le Roi Mohammed [&hellip;]<\/p>\n","protected":false},"author":2,"featured_media":44674,"comment_status":"open","ping_status":"open","sticky":false,"template":"","format":"standard","meta":[],"categories":[26,31,54,24],"tags":[9188,6315,15091],"yst_prominent_words":[5875,100,97,257,1621,457,2042,328,1157,2115],"jetpack_featured_media_url":"https:\/\/le12.ma\/fr\/wp-content\/uploads\/2024\/08\/voix.webp","_links":{"self":[{"href":"https:\/\/le12.ma\/fr\/wp-json\/wp\/v2\/posts\/44673"}],"collection":[{"href":"https:\/\/le12.ma\/fr\/wp-json\/wp\/v2\/posts"}],"about":[{"href":"https:\/\/le12.ma\/fr\/wp-json\/wp\/v2\/types\/post"}],"author":[{"embeddable":true,"href":"https:\/\/le12.ma\/fr\/wp-json\/wp\/v2\/users\/2"}],"replies":[{"embeddable":true,"href":"https:\/\/le12.ma\/fr\/wp-json\/wp\/v2\/comments?post=44673"}],"version-history":[{"count":1,"href":"https:\/\/le12.ma\/fr\/wp-json\/wp\/v2\/posts\/44673\/revisions"}],"predecessor-version":[{"id":44675,"href":"https:\/\/le12.ma\/fr\/wp-json\/wp\/v2\/posts\/44673\/revisions\/44675"}],"wp:featuredmedia":[{"embeddable":true,"href":"https:\/\/le12.ma\/fr\/wp-json\/wp\/v2\/media\/44674"}],"wp:attachment":[{"href":"https:\/\/le12.ma\/fr\/wp-json\/wp\/v2\/media?parent=44673"}],"wp:term":[{"taxonomy":"category","embeddable":true,"href":"https:\/\/le12.ma\/fr\/wp-json\/wp\/v2\/categories?post=44673"},{"taxonomy":"post_tag","embeddable":true,"href":"https:\/\/le12.ma\/fr\/wp-json\/wp\/v2\/tags?post=44673"},{"taxonomy":"yst_prominent_words","embeddable":true,"href":"https:\/\/le12.ma\/fr\/wp-json\/wp\/v2\/yst_prominent_words?post=44673"}],"curies":[{"name":"wp","href":"https:\/\/api.w.org\/{rel}","templated":true}]}}