{"id":44654,"date":"2024-08-23T10:55:45","date_gmt":"2024-08-23T09:55:45","guid":{"rendered":"https:\/\/le12.ma\/fr\/?p=44654"},"modified":"2024-08-23T10:33:11","modified_gmt":"2024-08-23T09:33:11","slug":"yasmine-benkiran-membre-du-jury-de-la-semaine-internationale-de-la-critique","status":"publish","type":"post","link":"https:\/\/le12.ma\/fr\/yasmine-benkiran-membre-du-jury-de-la-semaine-internationale-de-la-critique\/","title":{"rendered":"Yasmine Benkiran membre du jury de la \u00ab\u00a0Semaine internationale de la critique\u00a0\u00bb"},"content":{"rendered":"<h2 class=\"node-tpl-ville-accroche\"><strong>La r\u00e9alisatrice et sc\u00e9nariste marocaine Yasmine Benkiran a \u00e9t\u00e9 d\u00e9sign\u00e9e membre du jury de la s\u00e9lection \u00ab\u00a0Semaine internationale de la critique\u00a0\u00bb de la Biennale internationale du film de Venise, pr\u00e9vue du 28 ao\u00fbt au 7 septembre prochain.<\/strong><\/h2>\n<div class=\"node-wrapper-img-corps\">\n<div class=\"node-tpl-corps\">\n<p><strong>La Semaine internationale de la critique est une section ind\u00e9pendante et parall\u00e8le de la Mostra de Venise, organis\u00e9e par le Syndicat des critiques de cin\u00e9ma italiens (SNCCI). Le programme comprend une s\u00e9lection de sept premiers films en comp\u00e9tition et deux \u00e9v\u00e9nements sp\u00e9ciaux hors comp\u00e9tition.<\/strong><\/p>\n<p><strong>Dans une d\u00e9claration \u00e0 la MAP, la cin\u00e9aste marocaine s&rsquo;est dite \u00ab\u00a0honor\u00e9e et heureuse de faire partie de ce jury, la Mostra internationale du cin\u00e9ma de Venise \u00e9tant le plus vieux festival de cin\u00e9ma du Monde, et un des plus prestigieux\u00a0\u00bb.<\/strong><\/p>\n<p><strong>Mme Benkiran, une habitu\u00e9e de la Mostra de Venise, a, \u00e0 cet \u00e9gard, rappel\u00e9 que son premier long-m\u00e9trage \u00ab\u00a0Reines\u00a0\u00bb y avait fait sa premi\u00e8re, r\u00e9v\u00e9lant que sa projection \u00e9tait \u00a0\u00bbun moment aussi excitant que stressant et \u00e9mouvant\u00a0\u00bb.<\/strong><\/p>\n<p><strong>En effet, le long-m\u00e9trage, s\u00e9lectionn\u00e9 \u00e0 la Mostra en 2022 en cl\u00f4ture de la \u00a0\u00bbSemaine internationale de la critique\u00a0\u00bb, a \u00e9t\u00e9 \u00ab\u00a0tr\u00e8s bien accueilli\u00a0\u00bb, a-t-elle confi\u00e9. \u00ab\u00a0Le festival a, de ce fait, une signification particuli\u00e8re pour moi, et c\u2019est donc avec beaucoup d\u2019\u00e9motion et de joie que j\u2019y retourne cette ann\u00e9e pour \u00eatre membre du jury de la Semaine de la critique\u00a0\u00bb, a rench\u00e9ri la r\u00e9alisatrice marocaine.<\/strong><\/p>\n<p><strong>Yasmine Benkiran a grandi \u00e0 Rabat avant de rejoindre Paris pour des \u00e9tudes de philosophie, de communication et de cin\u00e9ma. Elle \u00e9crit des livres ainsi que de nombreux scenarii avant de se tourner vers la r\u00e9alisation.<\/strong><\/p>\n<p><strong>\u00ab\u00a0Reines\u00a0\u00bb est son premier long-m\u00e9trage de fiction en tant que r\u00e9alisatrice. Il est s\u00e9lectionn\u00e9 dans plus de cinquante festivals dans le monde et a engrang\u00e9 de nombreux prix.<\/strong><\/p>\n<\/div>\n<\/div>\n","protected":false},"excerpt":{"rendered":"<p>La r\u00e9alisatrice et sc\u00e9nariste marocaine Yasmine Benkiran a \u00e9t\u00e9 d\u00e9sign\u00e9e membre du jury de la s\u00e9lection \u00ab\u00a0Semaine internationale de la critique\u00a0\u00bb de la Biennale internationale du film de Venise, pr\u00e9vue du 28 ao\u00fbt au 7 septembre prochain. La Semaine internationale de la critique est une section ind\u00e9pendante et parall\u00e8le de la Mostra de Venise, organis\u00e9e [&hellip;]<\/p>\n","protected":false},"author":2,"featured_media":44655,"comment_status":"open","ping_status":"open","sticky":false,"template":"","format":"standard","meta":[],"categories":[26,31,33,54,24],"tags":[15081,15079,15080,15078],"yst_prominent_words":[1000,458,457,1300,244,3136],"jetpack_featured_media_url":"https:\/\/le12.ma\/fr\/wp-content\/uploads\/2024\/08\/Yasmine-Benkiran.jpg","_links":{"self":[{"href":"https:\/\/le12.ma\/fr\/wp-json\/wp\/v2\/posts\/44654"}],"collection":[{"href":"https:\/\/le12.ma\/fr\/wp-json\/wp\/v2\/posts"}],"about":[{"href":"https:\/\/le12.ma\/fr\/wp-json\/wp\/v2\/types\/post"}],"author":[{"embeddable":true,"href":"https:\/\/le12.ma\/fr\/wp-json\/wp\/v2\/users\/2"}],"replies":[{"embeddable":true,"href":"https:\/\/le12.ma\/fr\/wp-json\/wp\/v2\/comments?post=44654"}],"version-history":[{"count":1,"href":"https:\/\/le12.ma\/fr\/wp-json\/wp\/v2\/posts\/44654\/revisions"}],"predecessor-version":[{"id":44656,"href":"https:\/\/le12.ma\/fr\/wp-json\/wp\/v2\/posts\/44654\/revisions\/44656"}],"wp:featuredmedia":[{"embeddable":true,"href":"https:\/\/le12.ma\/fr\/wp-json\/wp\/v2\/media\/44655"}],"wp:attachment":[{"href":"https:\/\/le12.ma\/fr\/wp-json\/wp\/v2\/media?parent=44654"}],"wp:term":[{"taxonomy":"category","embeddable":true,"href":"https:\/\/le12.ma\/fr\/wp-json\/wp\/v2\/categories?post=44654"},{"taxonomy":"post_tag","embeddable":true,"href":"https:\/\/le12.ma\/fr\/wp-json\/wp\/v2\/tags?post=44654"},{"taxonomy":"yst_prominent_words","embeddable":true,"href":"https:\/\/le12.ma\/fr\/wp-json\/wp\/v2\/yst_prominent_words?post=44654"}],"curies":[{"name":"wp","href":"https:\/\/api.w.org\/{rel}","templated":true}]}}