{"id":44631,"date":"2024-08-22T13:12:59","date_gmt":"2024-08-22T12:12:59","guid":{"rendered":"https:\/\/le12.ma\/fr\/?p=44631"},"modified":"2024-08-22T12:48:56","modified_gmt":"2024-08-22T11:48:56","slug":"fete-de-la-jeunesse-concert-de-lorchestre-symphonique-royal-a-mdiq","status":"publish","type":"post","link":"https:\/\/le12.ma\/fr\/fete-de-la-jeunesse-concert-de-lorchestre-symphonique-royal-a-mdiq\/","title":{"rendered":"F\u00eate de la Jeunesse : concert de l&rsquo;orchestre Symphonique Royal \u00e0 M&rsquo;diq"},"content":{"rendered":"<h2><strong>L&rsquo;Orchestre <a href=\"https:\/\/le12.ma\/fr\/fete-de-la-jeunesse-celebration-dun-engagement-royal-constant-en-faveur-des-jeunes\/\">Symphonique<\/a> Royal a offert, mercredi soir \u00e0 M&rsquo;diq, un concert in\u00e9dit \u00e0 l&rsquo;occasion de la comm\u00e9moration de la F\u00eate de la Jeunesse.<\/strong><\/h2>\n<p><strong>Sous la baguette du maestro Oleg Reshetkin, l&rsquo;<a href=\"https:\/\/www.medi1news.com\/fr\/article\/326444.html\">Orchestre<\/a> Symphonique Royal a interpr\u00e9t\u00e9 avec brio de belles m\u00e9lodies puis\u00e9es dans le riche r\u00e9pertoire de la musique jazz et servies par des arrangements de tr\u00e8s grande qualit\u00e9 qui mettent en avant l\u2019homog\u00e9n\u00e9it\u00e9 de l&rsquo;Orchestre et le tr\u00e8s haut niveau individuel des musiciens.<\/strong><\/p>\n<p><strong>Lors de ce rendez-vous musical de haute facture, l&rsquo;Orchestre Symphonique Royal a interpr\u00e9t\u00e9, plus d&rsquo;une heure durant, douze morceaux mettant en lumi\u00e8re les meilleurs compositeurs de ce style, au grand plaisir des m\u00e9lomanes qui se sont d\u00e9lect\u00e9s \u00e0 l&rsquo;\u00e9coute des airs distill\u00e9s par des m\u00e9lodies des plus c\u00e9l\u00e8bres.<\/strong><\/p>\n<p><strong>Les spectateurs ont fortement applaudi ce concert r\u00e9ussi, qui s\u2019est d\u00e9roul\u00e9 dans une ambiance de convivialit\u00e9 et d&rsquo;enthousiasme, avant d&rsquo;\u00eatre surpris par de gigantesques feux d&rsquo;artifice au large de la plage de M&rsquo;diq.<\/strong><\/p>\n<p><strong>Cr\u00e9\u00e9 le 28 ao\u00fbt 2007, l\u2019Orchestre Symphonique Royal souhaite contribuer \u00e0 la promotion de la musique et des musiciens marocains en leur offrant un environnement professionnel de haut niveau, tout en enrichissant le patrimoine artistique du pays et en permettant une meilleure diffusion de la musique symphonique.<\/strong><\/p>\n","protected":false},"excerpt":{"rendered":"<p>L&rsquo;Orchestre Symphonique Royal a offert, mercredi soir \u00e0 M&rsquo;diq, un concert in\u00e9dit \u00e0 l&rsquo;occasion de la comm\u00e9moration de la F\u00eate de la Jeunesse. Sous la baguette du maestro Oleg Reshetkin, l&rsquo;Orchestre Symphonique Royal a interpr\u00e9t\u00e9 avec brio de belles m\u00e9lodies puis\u00e9es dans le riche r\u00e9pertoire de la musique jazz et servies par des arrangements de [&hellip;]<\/p>\n","protected":false},"author":2,"featured_media":44632,"comment_status":"open","ping_status":"open","sticky":false,"template":"","format":"standard","meta":[],"categories":[26,31,9268,54,24],"tags":[14570,15047,15065,15066],"yst_prominent_words":[826,3450],"jetpack_featured_media_url":"https:\/\/le12.ma\/fr\/wp-content\/uploads\/2024\/08\/concert.jpg","_links":{"self":[{"href":"https:\/\/le12.ma\/fr\/wp-json\/wp\/v2\/posts\/44631"}],"collection":[{"href":"https:\/\/le12.ma\/fr\/wp-json\/wp\/v2\/posts"}],"about":[{"href":"https:\/\/le12.ma\/fr\/wp-json\/wp\/v2\/types\/post"}],"author":[{"embeddable":true,"href":"https:\/\/le12.ma\/fr\/wp-json\/wp\/v2\/users\/2"}],"replies":[{"embeddable":true,"href":"https:\/\/le12.ma\/fr\/wp-json\/wp\/v2\/comments?post=44631"}],"version-history":[{"count":2,"href":"https:\/\/le12.ma\/fr\/wp-json\/wp\/v2\/posts\/44631\/revisions"}],"predecessor-version":[{"id":44634,"href":"https:\/\/le12.ma\/fr\/wp-json\/wp\/v2\/posts\/44631\/revisions\/44634"}],"wp:featuredmedia":[{"embeddable":true,"href":"https:\/\/le12.ma\/fr\/wp-json\/wp\/v2\/media\/44632"}],"wp:attachment":[{"href":"https:\/\/le12.ma\/fr\/wp-json\/wp\/v2\/media?parent=44631"}],"wp:term":[{"taxonomy":"category","embeddable":true,"href":"https:\/\/le12.ma\/fr\/wp-json\/wp\/v2\/categories?post=44631"},{"taxonomy":"post_tag","embeddable":true,"href":"https:\/\/le12.ma\/fr\/wp-json\/wp\/v2\/tags?post=44631"},{"taxonomy":"yst_prominent_words","embeddable":true,"href":"https:\/\/le12.ma\/fr\/wp-json\/wp\/v2\/yst_prominent_words?post=44631"}],"curies":[{"name":"wp","href":"https:\/\/api.w.org\/{rel}","templated":true}]}}