{"id":44430,"date":"2024-08-03T14:15:56","date_gmt":"2024-08-03T13:15:56","guid":{"rendered":"https:\/\/le12.ma\/fr\/?p=44430"},"modified":"2024-08-03T13:44:55","modified_gmt":"2024-08-03T12:44:55","slug":"rabat-vibre-au-rythme-de-la-troisieme-edition-du-rabafrica-summer-festival","status":"publish","type":"post","link":"https:\/\/le12.ma\/fr\/rabat-vibre-au-rythme-de-la-troisieme-edition-du-rabafrica-summer-festival\/","title":{"rendered":"Rabat vibre au rythme de la troisi\u00e8me \u00e9dition du Rab&rsquo;Africa Summer Festival"},"content":{"rendered":"<h2><strong>\u00a0Les activit\u00e9s de la troisi\u00e8me \u00e9dition du Rab&rsquo;Africa <a href=\"https:\/\/www.medi1news.com\/fr\/article\/325108.html\">Summer<\/a> Festival ont d\u00e9but\u00e9 vendredi soir sur la sc\u00e8ne de la Corniche Bouregreg \u00e0 Rabat, avec une soir\u00e9e artistique anim\u00e9e par plusieurs jeunes talents marocains.<\/strong><\/h2>\n<p><strong>La soir\u00e9e d&rsquo;ouverture du festival, organis\u00e9e par le <a href=\"https:\/\/le12.ma\/fr\/mauritanie-mokhtar-ould-diay-nomme-premier-ministre\/\">minist\u00e8re<\/a> de la Jeunesse, de la Culture et de la Communication du 2 au 11 ao\u00fbt en hommage \u00e0 la ville de Rabat en tant que capitale africaine de la culture, a d\u00e9but\u00e9 par un concert de la chanteuse Rajae Rajoui, qui a enchant\u00e9 le public avec son interpr\u00e9tation de plusieurs chansons marocaines intemporelles.<\/strong><\/p>\n<p><strong>La soir\u00e9e s&rsquo;est poursuivie avec une prestation musicale du rappeur Omar Souhaili, alias \u00ab\u00a0Dizzy DROS\u00a0\u00bb, attendu par une foule nombreuse de fans de ce genre musical. Le jeune artiste a r\u00e9sonn\u00e9 de sa voix puissante sur la sc\u00e8ne de la corniche, r\u00e9p\u00e9tant les paroles de ses chansons d\u00e9bordant d&rsquo;enthousiasme et de vitalit\u00e9.<\/strong><\/p>\n<p><strong>La chanteuse pop montante, Manal Benchlikha, a conclu la soir\u00e9e en interpr\u00e9tant une s\u00e9rie de ses chansons qui ont marqu\u00e9 la sc\u00e8ne artistique des jeunes.<\/strong><\/p>\n<p><strong>L&rsquo;artiste \u00ab\u00a0Dizzy DROS\u00a0\u00bb a exprim\u00e9, dans une d\u00e9claration \u00e0 la presse, sa joie de participer \u00e0 cet important \u00e9v\u00e9nement culturel, ajoutant que le public a \u00e9t\u00e9 exceptionnel dans son interaction tout au long du concert.<\/strong><\/p>\n<p><strong>Le programme de la troisi\u00e8me \u00e9dition du Rab&rsquo;Africa Summer Festival offre une gamme de spectacles musicaux vari\u00e9s, interpr\u00e9t\u00e9s par plusieurs talentueux artistes, notamment Asmaa Lmnawar, Lemchaheb, Aicha Tachinouite, Don Bigg, ou encore Faudel.<\/strong><\/p>\n<p><strong>Le programme de cette \u00e9dition inclut \u00e9galement des soir\u00e9es anim\u00e9es par plusieurs artistes \u00e9mergents et jeunes, qui partageront leurs nouvelles \u0153uvres avec leurs fans.<\/strong><\/p>\n","protected":false},"excerpt":{"rendered":"<p>\u00a0Les activit\u00e9s de la troisi\u00e8me \u00e9dition du Rab&rsquo;Africa Summer Festival ont d\u00e9but\u00e9 vendredi soir sur la sc\u00e8ne de la Corniche Bouregreg \u00e0 Rabat, avec une soir\u00e9e artistique anim\u00e9e par plusieurs jeunes talents marocains. La soir\u00e9e d&rsquo;ouverture du festival, organis\u00e9e par le minist\u00e8re de la Jeunesse, de la Culture et de la Communication du 2 au [&hellip;]<\/p>\n","protected":false},"author":2,"featured_media":44431,"comment_status":"open","ping_status":"open","sticky":false,"template":"","format":"standard","meta":[],"categories":[26,9268,54,24],"tags":[6315,14996],"yst_prominent_words":[257,457,1957,3925],"jetpack_featured_media_url":"https:\/\/le12.ma\/fr\/wp-content\/uploads\/2024\/08\/rabat.png","_links":{"self":[{"href":"https:\/\/le12.ma\/fr\/wp-json\/wp\/v2\/posts\/44430"}],"collection":[{"href":"https:\/\/le12.ma\/fr\/wp-json\/wp\/v2\/posts"}],"about":[{"href":"https:\/\/le12.ma\/fr\/wp-json\/wp\/v2\/types\/post"}],"author":[{"embeddable":true,"href":"https:\/\/le12.ma\/fr\/wp-json\/wp\/v2\/users\/2"}],"replies":[{"embeddable":true,"href":"https:\/\/le12.ma\/fr\/wp-json\/wp\/v2\/comments?post=44430"}],"version-history":[{"count":1,"href":"https:\/\/le12.ma\/fr\/wp-json\/wp\/v2\/posts\/44430\/revisions"}],"predecessor-version":[{"id":44432,"href":"https:\/\/le12.ma\/fr\/wp-json\/wp\/v2\/posts\/44430\/revisions\/44432"}],"wp:featuredmedia":[{"embeddable":true,"href":"https:\/\/le12.ma\/fr\/wp-json\/wp\/v2\/media\/44431"}],"wp:attachment":[{"href":"https:\/\/le12.ma\/fr\/wp-json\/wp\/v2\/media?parent=44430"}],"wp:term":[{"taxonomy":"category","embeddable":true,"href":"https:\/\/le12.ma\/fr\/wp-json\/wp\/v2\/categories?post=44430"},{"taxonomy":"post_tag","embeddable":true,"href":"https:\/\/le12.ma\/fr\/wp-json\/wp\/v2\/tags?post=44430"},{"taxonomy":"yst_prominent_words","embeddable":true,"href":"https:\/\/le12.ma\/fr\/wp-json\/wp\/v2\/yst_prominent_words?post=44430"}],"curies":[{"name":"wp","href":"https:\/\/api.w.org\/{rel}","templated":true}]}}