{"id":44098,"date":"2024-07-18T16:00:05","date_gmt":"2024-07-18T15:00:05","guid":{"rendered":"https:\/\/le12.ma\/fr\/?p=44098"},"modified":"2024-07-18T17:02:35","modified_gmt":"2024-07-18T16:02:35","slug":"la-region-dagadir-abrite-la-12eme-edition-du-festival-national-de-lart-des-rwaiss","status":"publish","type":"post","link":"https:\/\/le12.ma\/fr\/la-region-dagadir-abrite-la-12eme-edition-du-festival-national-de-lart-des-rwaiss\/","title":{"rendered":"La r\u00e9gion d&rsquo;Agadir abrite la 12\u00e8me \u00e9dition du festival National de l\u2019Art des Rwaiss"},"content":{"rendered":"<h2><strong>La 12\u00e8me \u00e9dition du <a href=\"https:\/\/www.medi1news.com\/fr\/article\/323515.html\">Festival<\/a> national de l\u2019art des Rwaiss aura lieu \u00e0 Dcheira Al Jihadiya, (pr\u00e9fecture d\u2019Inezgane Ait-Melloul), du 25 au 27 juillet courant, avec la participation d\u2019une pl\u00e9iade d\u2019artistes et de troupes musicales.<\/strong><\/h2>\n<p><strong>Plac\u00e9e sous le Haut patronage de SM le Roi Mohammed VI, cette manifestation initi\u00e9e par le minist\u00e8re de la Jeunesse, de la Culture et de la Communication -secteur de la Culture-, vise \u00e0 promouvoir le <a href=\"https:\/\/le12.ma\/fr\/la-1ere-edition-de-amazingh-taghazout-bay-festival-du-02-au-10-aout-prochain\/\">patrimoine<\/a> musical traditionnel des Rwaiss, indiquent les organisateurs dans un communiqu\u00e9.<\/strong><\/p>\n<p><strong>Au menu de cette \u00e9dition organis\u00e9e en partenariat avec la pr\u00e9fecture d\u2019Inezgane Ait-Melloul et le Conseil communal de Dcheira Al Jihadiya, figurent trois soir\u00e9es musicales anim\u00e9es par une constellation de Rwaiss reconnus, outre un hommage qui sera rendu \u00e0 des figures pionni\u00e8res de l&rsquo;art ancestral des Rwaiss.<\/strong><\/p>\n<p><strong>Le programme de ce festival qui co\u00efncide avec la comm\u00e9moration du 25\u00e8me anniversaire de la glorieuse F\u00eate du Tr\u00f4ne, comprend \u00e9galement des activit\u00e9s artistiques ainsi qu&rsquo;un s\u00e9minaire scientifique sur l&rsquo;art des Rwaiss.<\/strong><\/p>\n","protected":false},"excerpt":{"rendered":"<p>La 12\u00e8me \u00e9dition du Festival national de l\u2019art des Rwaiss aura lieu \u00e0 Dcheira Al Jihadiya, (pr\u00e9fecture d\u2019Inezgane Ait-Melloul), du 25 au 27 juillet courant, avec la participation d\u2019une pl\u00e9iade d\u2019artistes et de troupes musicales. Plac\u00e9e sous le Haut patronage de SM le Roi Mohammed VI, cette manifestation initi\u00e9e par le minist\u00e8re de la Jeunesse, [&hellip;]<\/p>\n","protected":false},"author":2,"featured_media":44099,"comment_status":"open","ping_status":"open","sticky":false,"template":"","format":"standard","meta":[],"categories":[26,54,24],"tags":[14873],"yst_prominent_words":[138,583,257,457,2851,1388],"jetpack_featured_media_url":"https:\/\/le12.ma\/fr\/wp-content\/uploads\/2024\/07\/festival.jpg","_links":{"self":[{"href":"https:\/\/le12.ma\/fr\/wp-json\/wp\/v2\/posts\/44098"}],"collection":[{"href":"https:\/\/le12.ma\/fr\/wp-json\/wp\/v2\/posts"}],"about":[{"href":"https:\/\/le12.ma\/fr\/wp-json\/wp\/v2\/types\/post"}],"author":[{"embeddable":true,"href":"https:\/\/le12.ma\/fr\/wp-json\/wp\/v2\/users\/2"}],"replies":[{"embeddable":true,"href":"https:\/\/le12.ma\/fr\/wp-json\/wp\/v2\/comments?post=44098"}],"version-history":[{"count":1,"href":"https:\/\/le12.ma\/fr\/wp-json\/wp\/v2\/posts\/44098\/revisions"}],"predecessor-version":[{"id":44100,"href":"https:\/\/le12.ma\/fr\/wp-json\/wp\/v2\/posts\/44098\/revisions\/44100"}],"wp:featuredmedia":[{"embeddable":true,"href":"https:\/\/le12.ma\/fr\/wp-json\/wp\/v2\/media\/44099"}],"wp:attachment":[{"href":"https:\/\/le12.ma\/fr\/wp-json\/wp\/v2\/media?parent=44098"}],"wp:term":[{"taxonomy":"category","embeddable":true,"href":"https:\/\/le12.ma\/fr\/wp-json\/wp\/v2\/categories?post=44098"},{"taxonomy":"post_tag","embeddable":true,"href":"https:\/\/le12.ma\/fr\/wp-json\/wp\/v2\/tags?post=44098"},{"taxonomy":"yst_prominent_words","embeddable":true,"href":"https:\/\/le12.ma\/fr\/wp-json\/wp\/v2\/yst_prominent_words?post=44098"}],"curies":[{"name":"wp","href":"https:\/\/api.w.org\/{rel}","templated":true}]}}