{"id":43982,"date":"2024-07-13T12:46:31","date_gmt":"2024-07-13T11:46:31","guid":{"rendered":"https:\/\/le12.ma\/fr\/?p=43982"},"modified":"2024-07-13T12:21:39","modified_gmt":"2024-07-13T11:21:39","slug":"le-ministere-de-la-culture-lance-la-premiere-carte-archeologique-nationale","status":"publish","type":"post","link":"https:\/\/le12.ma\/fr\/le-ministere-de-la-culture-lance-la-premiere-carte-archeologique-nationale\/","title":{"rendered":"Le minist\u00e8re de la Culture lance la premi\u00e8re carte arch\u00e9ologique nationale"},"content":{"rendered":"<h2 class=\"node-tpl-ville-accroche\"><strong>Le minist\u00e8re de la Jeunesse, de la Culture et de la Communication a annonc\u00e9, vendredi, avoir \u00e9tabli, en partenariat avec l\u2019Agence nationale de la <a href=\"https:\/\/le12.ma\/fr\/demissionnaire-gabriel-attal-restera-premier-ministre-pour-assurer-la-stabilite-du-pays\/\">conservation<\/a> fonci\u00e8re, du cadastre et de la cartographie (ANCFCC), la premi\u00e8re carte arch\u00e9ologique nationale, dans le cadre de l\u2019inventaire du patrimoine culturel <a href=\"https:\/\/www.mapnews.ma\/fr\/actualites\/culture\/le-minist%C3%A8re-de-la-culture-lance-la-premi%C3%A8re-carte-arch%C3%A9ologique-nationale\">national<\/a>, sa pr\u00e9servation et pour une meilleure gestion des monuments et des sites arch\u00e9ologiques.<\/strong><\/h2>\n<div class=\"node-wrapper-img-corps\">\n<div class=\"node-tpl-image-legende\">\n<div class=\"img\">\n<div class=\"field field-name-field-image field-type-image field-label-hidden\">\n<div class=\"field-items\">\n<div class=\"field-item even\"><\/div>\n<\/div>\n<\/div>\n<\/div>\n<\/div>\n<div class=\"node-tpl-corps\">\n<p><strong>Il s\u2019agit d\u2019un recueil des sites arch\u00e9ologiques connus ou d\u00e9j\u00e0 publi\u00e9s selon les donn\u00e9es fournies par l\u2019Institut national des sciences de l\u2019Arch\u00e9ologie et du Patrimoine et la Direction du Patrimoine culturel, indique le minist\u00e8re dans un communiqu\u00e9.\u00a0<\/strong><\/p>\n<p><strong>La carte comporte actuellement une s\u00e9rie de sites d\u00e9j\u00e0 publi\u00e9s dans les r\u00e9gions de Dakhla, d\u2019Essaouira, de Casablanca, de Rabat-Sal\u00e9-K\u00e9nitra, d\u2019Asilah et de l\u2019Oriental, pr\u00e9cise le communiqu\u00e9, notant qu\u2019elle va prochainement inclure des sites arch\u00e9ologiques des r\u00e9gions de Tan Tan, Zagora, Tamanart, Rehamna et B\u00e9ni Mellal-Kh\u00e9nifra.<\/strong><\/p>\n<p><strong>A l\u2019exception des sites classiques appartenant \u00e0 diff\u00e9rentes p\u00e9riodes depuis la Pr\u00e9histoire jusqu\u2019\u00e0 l\u2019\u00e9poque moderne, les autres sites ont \u00e9t\u00e9 d\u00e9couverts par les \u00e9quipes scientifiques de ces deux institutions \u00e0 l\u2019occasion de leurs recherches programm\u00e9es ou pendant les missions d\u2019inventaire du patrimoine culturel, fait savoir la m\u00eame source.<\/strong><\/p>\n<p><strong>Le minist\u00e8re de la Jeunesse, de la culture et de la communication d\u00e9veloppe \u00e9galement, \u00e0 travers l\u2019Institut national des sciences de l\u2019Arch\u00e9ologie et du Patrimoine et la Direction du Patrimoine Culturel, un projet de cartes r\u00e9gionales num\u00e9riques dites \u00ab\u00a0pr\u00e9visionnelles\u00a0\u00bb qui permettent de mettre en place un syst\u00e8me de veille contre la d\u00e9gradation des sites arch\u00e9ologiques, une exp\u00e9rience pionni\u00e8re en Afrique qui aidera \u00e0 identifier les zones prioritaires pour des prospections arch\u00e9ologiques.<\/strong><\/p>\n<p><strong>En collaboration avec l\u2019ANCFCC, des atlas r\u00e9gionaux sont en cours de r\u00e9alisation et vont permettre l\u2019\u00e9tablissement de plans touristiques qui prennent en consid\u00e9ration le patrimoine culturel y compris arch\u00e9ologique, selon la m\u00eame source.\u00a0\u00a0<\/strong><\/p>\n<p><strong>Il s\u2019agit d\u2019un grand chantier de l\u2019arch\u00e9ologie marocaine et qui n\u00e9cessite des mises \u00e0 jour r\u00e9guli\u00e8res au fur et \u00e0 mesure des d\u00e9couvertes, des op\u00e9rations de prospections et des inventaires respectifs \u00e0 chaque r\u00e9gion, explique le communiqu\u00e9, notant que cette carte qui va s\u2019enrichir continuellement par de nouvelles donn\u00e9es en cours de publication est un document important qui permettra d\u2019avoir pour la premi\u00e8re fois une carte arch\u00e9ologique nationale.<\/strong><\/p>\n<p><strong>La carte arch\u00e9ologique est un document scientifique qui contribue \u00e0 mieux conna\u00eetre cette partie du patrimoine national et sera mise \u00e0 la disposition des chercheurs et des \u00e9tudiants.\u00a0Elle permettra \u00e9galement de prendre en consid\u00e9ration les sites arch\u00e9ologiques dans les projets d\u2019am\u00e9nagement du territoire et du tourisme culturel, conclut le communiqu\u00e9.<\/strong><\/p>\n<\/div>\n<\/div>\n","protected":false},"excerpt":{"rendered":"<p>Le minist\u00e8re de la Jeunesse, de la Culture et de la Communication a annonc\u00e9, vendredi, avoir \u00e9tabli, en partenariat avec l\u2019Agence nationale de la conservation fonci\u00e8re, du cadastre et de la cartographie (ANCFCC), la premi\u00e8re carte arch\u00e9ologique nationale, dans le cadre de l\u2019inventaire du patrimoine culturel national, sa pr\u00e9servation et pour une meilleure gestion des [&hellip;]<\/p>\n","protected":false},"author":2,"featured_media":43983,"comment_status":"open","ping_status":"open","sticky":false,"template":"","format":"standard","meta":[],"categories":[26,31,54,24],"tags":[9098,14808,14807],"yst_prominent_words":[255,3511],"jetpack_featured_media_url":"https:\/\/le12.ma\/fr\/wp-content\/uploads\/2024\/07\/Ministe.jpg","_links":{"self":[{"href":"https:\/\/le12.ma\/fr\/wp-json\/wp\/v2\/posts\/43982"}],"collection":[{"href":"https:\/\/le12.ma\/fr\/wp-json\/wp\/v2\/posts"}],"about":[{"href":"https:\/\/le12.ma\/fr\/wp-json\/wp\/v2\/types\/post"}],"author":[{"embeddable":true,"href":"https:\/\/le12.ma\/fr\/wp-json\/wp\/v2\/users\/2"}],"replies":[{"embeddable":true,"href":"https:\/\/le12.ma\/fr\/wp-json\/wp\/v2\/comments?post=43982"}],"version-history":[{"count":1,"href":"https:\/\/le12.ma\/fr\/wp-json\/wp\/v2\/posts\/43982\/revisions"}],"predecessor-version":[{"id":43984,"href":"https:\/\/le12.ma\/fr\/wp-json\/wp\/v2\/posts\/43982\/revisions\/43984"}],"wp:featuredmedia":[{"embeddable":true,"href":"https:\/\/le12.ma\/fr\/wp-json\/wp\/v2\/media\/43983"}],"wp:attachment":[{"href":"https:\/\/le12.ma\/fr\/wp-json\/wp\/v2\/media?parent=43982"}],"wp:term":[{"taxonomy":"category","embeddable":true,"href":"https:\/\/le12.ma\/fr\/wp-json\/wp\/v2\/categories?post=43982"},{"taxonomy":"post_tag","embeddable":true,"href":"https:\/\/le12.ma\/fr\/wp-json\/wp\/v2\/tags?post=43982"},{"taxonomy":"yst_prominent_words","embeddable":true,"href":"https:\/\/le12.ma\/fr\/wp-json\/wp\/v2\/yst_prominent_words?post=43982"}],"curies":[{"name":"wp","href":"https:\/\/api.w.org\/{rel}","templated":true}]}}