{"id":43875,"date":"2024-07-09T15:18:53","date_gmt":"2024-07-09T14:18:53","guid":{"rendered":"https:\/\/le12.ma\/fr\/?p=43875"},"modified":"2024-07-09T16:22:25","modified_gmt":"2024-07-09T15:22:25","slug":"maroc-djibouti-signature-dune-convention-de-partenariat-pour-la-promotion-des-droits-des-personnes-en-situation-de-handicap","status":"publish","type":"post","link":"https:\/\/le12.ma\/fr\/maroc-djibouti-signature-dune-convention-de-partenariat-pour-la-promotion-des-droits-des-personnes-en-situation-de-handicap\/","title":{"rendered":"Maroc\/Djibouti: Signature d&rsquo;une convention de partenariat pour la promotion des droits des personnes en situation de handicap"},"content":{"rendered":"<h2 class=\"node-tpl-ville-accroche\"><strong>Une <a href=\"https:\/\/www.mapnews.ma\/fr\/actualites\/politique\/marocdjibouti-signature-dune-convention-de-partenariat-pour-la-promotion-des\">convention<\/a> de partenariat a \u00e9t\u00e9 sign\u00e9e, mardi \u00e0 Rabat, entre le minist\u00e8re de la Solidarit\u00e9, de l&rsquo;Insertion sociale et de la Famille et l&rsquo;Agence Nationale des Personnes Handicap\u00e9es de Djibouti (ANPH), pour favoriser le partage des exp\u00e9riences en mati\u00e8re de promotion des droits des personnes en <a href=\"https:\/\/le12.ma\/fr\/m-bensaid-nouvelle-convention-de-partenariat-avec-la-snrt\/\">situation<\/a> de handicap.<\/strong><\/h2>\n<div class=\"node-wrapper-img-corps\">\n<div class=\"node-tpl-image-legende\">\n<div class=\"img\">\n<div class=\"field field-name-field-image field-type-image field-label-hidden\">\n<div class=\"field-items\">\n<div class=\"field-item even\"><\/div>\n<\/div>\n<\/div>\n<\/div>\n<\/div>\n<div class=\"node-tpl-corps\">\n<p><strong>Cet accord vise le partage d&rsquo;expertise entre les deux pays dans le domaine de la formation des professionnels et des familles pour la prise en charge des personnes autistes, le renforcement de la coop\u00e9ration bilat\u00e9rale et l&rsquo;\u00e9change en mati\u00e8re de pratiques l\u00e9gislatives, de recherches et d&rsquo;\u00e9tudes visant \u00e0 promouvoir les droits des personnes en situation de handicap.<\/strong><\/p>\n<p><strong>S&rsquo;exprimant \u00e0 cette occasion, la ministre de la Solidarit\u00e9, de l&rsquo;Insertion Sociale et de la Famille, Aawatif Hayar, a pass\u00e9 en revue les r\u00e9alisations du Royaume dans le domaine de la promotion des droits des personnes en situation de handicap, sous la conduite de Sa Majest\u00e9 le Roi Mohammed VI, citant, \u00e0 cet \u00e9gard, le syst\u00e8me de protection sociale et le d\u00e9cret portant sur l&rsquo;attribution d&rsquo;une carte aux personnes en situation de handicap, adopt\u00e9 par le Conseil de gouvernement en mai dernier, ainsi que les efforts d\u00e9ploy\u00e9s pour digitaliser ce domaine.<\/strong><\/p>\n<p><strong>La signature de cet accord permettra aux deux parties d&rsquo;\u00e9changer leurs exp\u00e9riences en vue d&rsquo;assurer l&rsquo;insertion sociale de cette frange de la soci\u00e9t\u00e9, a soulign\u00e9 Mme Hayar, pr\u00e9cisant que la d\u00e9l\u00e9gation djiboutienne aura l&rsquo;occasion de visiter nombre de centres sociaux pour s&rsquo;impr\u00e9gner de l&rsquo;exp\u00e9rience marocaine.<\/strong><\/p>\n<p><strong>Pour sa part, le Directeur G\u00e9n\u00e9ral de l&rsquo;ANPH, Doualeh Said Mahamoud a fait part de la volont\u00e9 de Djibouti de tirer profit de l&rsquo;exp\u00e9rience du Royaume dans le domaine de la promotion des droits des personnes en situation de handicap, notant que la convention de partenariat contribuera \u00e0 promouvoir l&rsquo;\u00e9change de bonnes pratiques et \u00e0 consolider le partenariat et la coop\u00e9ration entre les deux pays en la mati\u00e8re.<\/strong><\/p>\n<p><strong>Et de pr\u00e9ciser que l&rsquo;Agence Nationale des Personnes Handicap\u00e9es de Djibouti, cr\u00e9\u00e9e en mai 2018, vise \u00e0 concr\u00e9tiser le principe d&rsquo;\u00e9galit\u00e9 des chances pour les personnes en situation de handicap et \u00e0 permettre \u00e0 cette frange de la soci\u00e9t\u00e9 de participer aux efforts de d\u00e9veloppement \u00e9conomique et social du pays \u00e0 la faveur de plusieurs initiatives.<\/strong><\/p>\n<\/div>\n<\/div>\n","protected":false},"excerpt":{"rendered":"<p>Une convention de partenariat a \u00e9t\u00e9 sign\u00e9e, mardi \u00e0 Rabat, entre le minist\u00e8re de la Solidarit\u00e9, de l&rsquo;Insertion sociale et de la Famille et l&rsquo;Agence Nationale des Personnes Handicap\u00e9es de Djibouti (ANPH), pour favoriser le partage des exp\u00e9riences en mati\u00e8re de promotion des droits des personnes en situation de handicap. Cet accord vise le partage [&hellip;]<\/p>\n","protected":false},"author":2,"featured_media":43876,"comment_status":"open","ping_status":"open","sticky":false,"template":"","format":"standard","meta":[],"categories":[26,33,54,24],"tags":[12480],"yst_prominent_words":[97,5434,307,192,328],"jetpack_featured_media_url":"https:\/\/le12.ma\/fr\/wp-content\/uploads\/2024\/07\/convention.webp","_links":{"self":[{"href":"https:\/\/le12.ma\/fr\/wp-json\/wp\/v2\/posts\/43875"}],"collection":[{"href":"https:\/\/le12.ma\/fr\/wp-json\/wp\/v2\/posts"}],"about":[{"href":"https:\/\/le12.ma\/fr\/wp-json\/wp\/v2\/types\/post"}],"author":[{"embeddable":true,"href":"https:\/\/le12.ma\/fr\/wp-json\/wp\/v2\/users\/2"}],"replies":[{"embeddable":true,"href":"https:\/\/le12.ma\/fr\/wp-json\/wp\/v2\/comments?post=43875"}],"version-history":[{"count":1,"href":"https:\/\/le12.ma\/fr\/wp-json\/wp\/v2\/posts\/43875\/revisions"}],"predecessor-version":[{"id":43877,"href":"https:\/\/le12.ma\/fr\/wp-json\/wp\/v2\/posts\/43875\/revisions\/43877"}],"wp:featuredmedia":[{"embeddable":true,"href":"https:\/\/le12.ma\/fr\/wp-json\/wp\/v2\/media\/43876"}],"wp:attachment":[{"href":"https:\/\/le12.ma\/fr\/wp-json\/wp\/v2\/media?parent=43875"}],"wp:term":[{"taxonomy":"category","embeddable":true,"href":"https:\/\/le12.ma\/fr\/wp-json\/wp\/v2\/categories?post=43875"},{"taxonomy":"post_tag","embeddable":true,"href":"https:\/\/le12.ma\/fr\/wp-json\/wp\/v2\/tags?post=43875"},{"taxonomy":"yst_prominent_words","embeddable":true,"href":"https:\/\/le12.ma\/fr\/wp-json\/wp\/v2\/yst_prominent_words?post=43875"}],"curies":[{"name":"wp","href":"https:\/\/api.w.org\/{rel}","templated":true}]}}