{"id":43848,"date":"2024-07-08T15:44:49","date_gmt":"2024-07-08T14:44:49","guid":{"rendered":"https:\/\/le12.ma\/fr\/?p=43848"},"modified":"2024-07-08T16:47:57","modified_gmt":"2024-07-08T15:47:57","slug":"ammouta-nouvel-entraineur-du-club-emirati-dal-jazira","status":"publish","type":"post","link":"https:\/\/le12.ma\/fr\/ammouta-nouvel-entraineur-du-club-emirati-dal-jazira\/","title":{"rendered":"Ammouta nouvel entraineur du club \u00e9mirati d&rsquo;Al Jazira"},"content":{"rendered":"<h2><strong>Le <a href=\"https:\/\/www.medi1news.com\/fr\/article\/322495.html\">club<\/a> de football \u00e9mirati d&rsquo;Al Jazira a annonc\u00e9, lundi, la nomination de Houcine Ammouta comme nouvel entraineur de l&rsquo;\u00e9quipe.<\/strong><\/h2>\n<p><strong>Al Jazira a indiqu\u00e9 sur la <a href=\"https:\/\/le12.ma\/fr\/ammouta-et-ses-joueurs-decores-de-la-medaille-du-jubile-dargent-par-le-roi-abdallah-ii\/\">plateforme<\/a> \u00ab\u00a0X\u00a0\u00bb s&rsquo;\u00eatre engag\u00e9 avec Ammouta pour prendre les commandes de l&rsquo;\u00e9quipe \u00ab\u00a0A\u00a0\u00bb jusqu&rsquo;en 2026.<\/strong><\/p>\n<p><strong>Le coach marocain sera sur le banc d&rsquo;Al Jazira lors du stage de pr\u00e9paration qu&rsquo;effectuera le club, courant juillet en Espagne.<\/strong><\/p>\n<p><strong>Ammouta avait \u00e9volu\u00e9 dans le championnat \u00e9mirati de football en tant que joueur du club de Charjah lors de la saison 2002-2003, avant d&rsquo;entamer une exp\u00e9rience r\u00e9ussie au Qatar avec le club d&rsquo;Al Sadd comme joueur et entraineur.<\/strong><\/p>\n<p><strong>Avant de s&rsquo;engager avec Al Jazira, Ammouta a marqu\u00e9 les esprits en tant qu&rsquo;entraineur de la s\u00e9lection jordanienne de football en menant les \u00ab\u00a0Nashama\u00a0\u00bb \u00e0 la premi\u00e8re finale de leur histoire en Coupe d\u2019Asie des Nations au Qatar.<\/strong><\/p>\n<p><strong>Il a \u00e9galement qualifi\u00e9 l&rsquo;\u00e9quipe de Jordanie pour les phases finales de la prochaine Coupe d\u2019Asie (AFC-2027) en Arabie saoudite, ainsi que pour le troisi\u00e8me et dernier tour des \u00e9liminatoires asiatiques au Mondial-2026 aux Etats-Unis, au Mexique et au Canada.<\/strong><\/p>\n<p>&nbsp;<\/p>\n","protected":false},"excerpt":{"rendered":"<p>Le club de football \u00e9mirati d&rsquo;Al Jazira a annonc\u00e9, lundi, la nomination de Houcine Ammouta comme nouvel entraineur de l&rsquo;\u00e9quipe. Al Jazira a indiqu\u00e9 sur la plateforme \u00ab\u00a0X\u00a0\u00bb s&rsquo;\u00eatre engag\u00e9 avec Ammouta pour prendre les commandes de l&rsquo;\u00e9quipe \u00ab\u00a0A\u00a0\u00bb jusqu&rsquo;en 2026. Le coach marocain sera sur le banc d&rsquo;Al Jazira lors du stage de pr\u00e9paration [&hellip;]<\/p>\n","protected":false},"author":2,"featured_media":43849,"comment_status":"open","ping_status":"open","sticky":false,"template":"","format":"standard","meta":[],"categories":[26,54,27],"tags":[13097,14746,6583],"yst_prominent_words":[138,909,2422,4583,564,3135,3428],"jetpack_featured_media_url":"https:\/\/le12.ma\/fr\/wp-content\/uploads\/2024\/07\/ammouta.png","_links":{"self":[{"href":"https:\/\/le12.ma\/fr\/wp-json\/wp\/v2\/posts\/43848"}],"collection":[{"href":"https:\/\/le12.ma\/fr\/wp-json\/wp\/v2\/posts"}],"about":[{"href":"https:\/\/le12.ma\/fr\/wp-json\/wp\/v2\/types\/post"}],"author":[{"embeddable":true,"href":"https:\/\/le12.ma\/fr\/wp-json\/wp\/v2\/users\/2"}],"replies":[{"embeddable":true,"href":"https:\/\/le12.ma\/fr\/wp-json\/wp\/v2\/comments?post=43848"}],"version-history":[{"count":1,"href":"https:\/\/le12.ma\/fr\/wp-json\/wp\/v2\/posts\/43848\/revisions"}],"predecessor-version":[{"id":43850,"href":"https:\/\/le12.ma\/fr\/wp-json\/wp\/v2\/posts\/43848\/revisions\/43850"}],"wp:featuredmedia":[{"embeddable":true,"href":"https:\/\/le12.ma\/fr\/wp-json\/wp\/v2\/media\/43849"}],"wp:attachment":[{"href":"https:\/\/le12.ma\/fr\/wp-json\/wp\/v2\/media?parent=43848"}],"wp:term":[{"taxonomy":"category","embeddable":true,"href":"https:\/\/le12.ma\/fr\/wp-json\/wp\/v2\/categories?post=43848"},{"taxonomy":"post_tag","embeddable":true,"href":"https:\/\/le12.ma\/fr\/wp-json\/wp\/v2\/tags?post=43848"},{"taxonomy":"yst_prominent_words","embeddable":true,"href":"https:\/\/le12.ma\/fr\/wp-json\/wp\/v2\/yst_prominent_words?post=43848"}],"curies":[{"name":"wp","href":"https:\/\/api.w.org\/{rel}","templated":true}]}}