{"id":43837,"date":"2024-07-08T12:23:31","date_gmt":"2024-07-08T11:23:31","guid":{"rendered":"https:\/\/le12.ma\/fr\/?p=43837"},"modified":"2024-07-08T13:53:12","modified_gmt":"2024-07-08T12:53:12","slug":"demissionnaire-gabriel-attal-restera-premier-ministre-pour-assurer-la-stabilite-du-pays","status":"publish","type":"post","link":"https:\/\/le12.ma\/fr\/demissionnaire-gabriel-attal-restera-premier-ministre-pour-assurer-la-stabilite-du-pays\/","title":{"rendered":"D\u00e9missionnaire, Gabriel Attal restera premier ministre \u201cpour assurer la stabilit\u00e9 du pays\u201d"},"content":{"rendered":"<h2><strong>Le Pr\u00e9sident fran\u00e7ais Emmanuel Macron a re\u00e7u, lundi en d\u00e9but d\u2019apr\u00e8s midi, Gabriel Attal venu lui pr\u00e9senter la d\u00e9mission de son gouvernement au lendemain du second tour des <a href=\"https:\/\/www.mapexpress.ma\/actualite\/monde\/demissionnaire-gabriel-attal-restera-premier-ministre-assurer-stabilite-du-pays-elysee\/\">\u00e9lections<\/a> l\u00e9gislatives n\u2019ayant pas abouti \u00e0 une majorit\u00e9 absolue \u00e0 l\u2019Assembl\u00e9e nationale.<\/strong><\/h2>\n<p><strong>Devant cette <a href=\"https:\/\/le12.ma\/fr\/la-societe-civile-se-mobilise-en-ce-mois-de-solidarite-et-de-partage-en-faveur-des-enfants-en-situation-difficile\/\">situation<\/a> politique in\u00e9dite en France, le pr\u00e9sident Macron a demand\u00e9 \u00e0 son premier ministre de rester aux commandes \u201cpour le moment afin d\u2019assurer la stabilit\u00e9 du pays\u201d, a annonc\u00e9 le palais de l\u2019Elys\u00e9e dans un communiqu\u00e9.<\/strong><\/p>\n<p><strong>Selon les r\u00e9sultats d\u00e9finitifs du second tour des \u00e9lections l\u00e9gislatives publi\u00e9s par le minist\u00e8re fran\u00e7ais de l\u2019Int\u00e9rieur, l\u2019alliance de la gauche, rassembl\u00e9e sous la banni\u00e8re du Nouveau Front populaire, est arriv\u00e9e en t\u00eate, avec 182 si\u00e8ges, suivie du camp pr\u00e9sidentiel, sous la banni\u00e8re d\u2019Ensemble qui r\u00e9colte 168 si\u00e8ges, et du Rassemblement national (extr\u00eame droite) et ses alli\u00e9s (143 si\u00e8ges).<\/strong><\/p>\n<p><strong>Ainsi, toutes les formations politiques ne peuvent atteindre, seules, les 289 d\u00e9put\u00e9s n\u00e9cessaires \u00e0 la majorit\u00e9 absolue.<\/strong><\/p>\n<p><strong>Cependant, la vie parlementaire reprendra \u00e0 l\u2019Assembl\u00e9e nationale le 18 juillet, avec notamment l\u2019\u00e9lection de son nouveau pr\u00e9sident. Il sera \u00e9galement proc\u00e9d\u00e9 \u00e0 la r\u00e9partition des postes entre les diff\u00e9rents groupes repr\u00e9sent\u00e9s et enfin \u00e0 l\u2019\u00e9laboration du calendrier parlementaire, dont la tr\u00e8s attendue discussion du prochain budget.<\/strong><\/p>\n","protected":false},"excerpt":{"rendered":"<p>Le Pr\u00e9sident fran\u00e7ais Emmanuel Macron a re\u00e7u, lundi en d\u00e9but d\u2019apr\u00e8s midi, Gabriel Attal venu lui pr\u00e9senter la d\u00e9mission de son gouvernement au lendemain du second tour des \u00e9lections l\u00e9gislatives n\u2019ayant pas abouti \u00e0 une majorit\u00e9 absolue \u00e0 l\u2019Assembl\u00e9e nationale. Devant cette situation politique in\u00e9dite en France, le pr\u00e9sident Macron a demand\u00e9 \u00e0 son premier [&hellip;]<\/p>\n","protected":false},"author":2,"featured_media":38873,"comment_status":"open","ping_status":"open","sticky":false,"template":"","format":"standard","meta":[],"categories":[26,33,54],"tags":[14683,9006,838,12795],"yst_prominent_words":[3683,71,618,310,362,5231],"jetpack_featured_media_url":"https:\/\/le12.ma\/fr\/wp-content\/uploads\/2024\/01\/gabriel-attal.jpg","_links":{"self":[{"href":"https:\/\/le12.ma\/fr\/wp-json\/wp\/v2\/posts\/43837"}],"collection":[{"href":"https:\/\/le12.ma\/fr\/wp-json\/wp\/v2\/posts"}],"about":[{"href":"https:\/\/le12.ma\/fr\/wp-json\/wp\/v2\/types\/post"}],"author":[{"embeddable":true,"href":"https:\/\/le12.ma\/fr\/wp-json\/wp\/v2\/users\/2"}],"replies":[{"embeddable":true,"href":"https:\/\/le12.ma\/fr\/wp-json\/wp\/v2\/comments?post=43837"}],"version-history":[{"count":1,"href":"https:\/\/le12.ma\/fr\/wp-json\/wp\/v2\/posts\/43837\/revisions"}],"predecessor-version":[{"id":43838,"href":"https:\/\/le12.ma\/fr\/wp-json\/wp\/v2\/posts\/43837\/revisions\/43838"}],"wp:featuredmedia":[{"embeddable":true,"href":"https:\/\/le12.ma\/fr\/wp-json\/wp\/v2\/media\/38873"}],"wp:attachment":[{"href":"https:\/\/le12.ma\/fr\/wp-json\/wp\/v2\/media?parent=43837"}],"wp:term":[{"taxonomy":"category","embeddable":true,"href":"https:\/\/le12.ma\/fr\/wp-json\/wp\/v2\/categories?post=43837"},{"taxonomy":"post_tag","embeddable":true,"href":"https:\/\/le12.ma\/fr\/wp-json\/wp\/v2\/tags?post=43837"},{"taxonomy":"yst_prominent_words","embeddable":true,"href":"https:\/\/le12.ma\/fr\/wp-json\/wp\/v2\/yst_prominent_words?post=43837"}],"curies":[{"name":"wp","href":"https:\/\/api.w.org\/{rel}","templated":true}]}}