{"id":43626,"date":"2024-06-28T11:33:35","date_gmt":"2024-06-28T10:33:35","guid":{"rendered":"https:\/\/le12.ma\/fr\/?p=43626"},"modified":"2024-06-28T11:17:29","modified_gmt":"2024-06-28T10:17:29","slug":"25eme-festival-gnaoua-dessaouira-une-parade-haute-en-couleurs-et-en-rythmes-ouvre-le-bal","status":"publish","type":"post","link":"https:\/\/le12.ma\/fr\/25eme-festival-gnaoua-dessaouira-une-parade-haute-en-couleurs-et-en-rythmes-ouvre-le-bal\/","title":{"rendered":"25\u00e8me Festival Gnaoua d&rsquo;Essaouira: une parade haute en couleurs et en rythmes ouvre le bal"},"content":{"rendered":"<h2 class=\"node-tpl-ville-accroche\"><strong>Une grandiose parade haute en couleurs a ouvert, jeudi soir, le bal de la 25\u00e8me <a href=\"https:\/\/www.mapnews.ma\/fr\/actualites\/culture\/25%C3%A8me-festival-gnaoua-dessaouira-une-parade-haute-en-couleurs-et-en-rythmes-ouvre\">\u00e9dition<\/a> du Festival Gnaoua et Musiques du Monde, plac\u00e9e sous le Haut Patronage de Sa Majest\u00e9 le Roi Mohammed VI.<\/strong><\/h2>\n<div class=\"node-wrapper-img-corps\">\n<div class=\"node-tpl-corps\">\n<p><strong>Cette d\u00e9ambulation dans\u00e9e anim\u00e9e par des rythmes gnaouis et autres arts folkloriques a sillonn\u00e9 les ruelles de l\u2019ancienne m\u00e9dina d\u2019Essaouira, offrant un spectacle exceptionnel aux milliers de <a href=\"https:\/\/le12.ma\/fr\/abdeslem-ahizoune-la-19e-edition-du-festival-mawazine-rythmes-du-monde-sous-le-signe-de-la-diversite-et-de-la-fete\/\">festivaliers<\/a> venus des quatre coins du monde, afin de c\u00e9l\u00e9brer ensemble le lancement en grande pompe de cette f\u00eate de la musique.<\/strong><\/p>\n<p><strong>Mettant \u00e0 l&rsquo;honneur la richesse et la diversit\u00e9 du folklore marocain, cette traditionnelle parade qui raconte l&rsquo;histoire d&rsquo;un riche h\u00e9ritage culturel ancestral, a donn\u00e9 le ton de trois jours de festivit\u00e9s avec des soir\u00e9es m\u00e9morables et des rencontres in\u00e9dites.<\/strong><\/p>\n<p><strong>V\u00e9ritable moment d\u2019all\u00e9gresse et de convivialit\u00e9, cette ouverture s&rsquo;est d\u00e9roul\u00e9e en pr\u00e9sence notamment du Conseiller de SM le Roi et pr\u00e9sident fondateur de l\u2019Association Essaouira-Mogador, Andr\u00e9 Azoulay, du ministre de la Jeunesse, de la Culture et de la Communication, Mohamed Mehdi Bensaid, de l&rsquo;ancien chef du gouvernement espagnol, Jos\u00e9 Luis Rodriguez Zapatero, du Wali de la r\u00e9gion de Marrakech-Safi, du pr\u00e9sident de la r\u00e9gion de Marrakech-Safi, d&rsquo;\u00e9lus, de la directrice et productrice du festival, Neila Tazi, ainsi que d\u2019\u00e9minentes personnalit\u00e9s de divers horizons.<\/strong><\/p>\n<p><strong>S\u2019exprimant \u00e0 cette occasion, M. Bensaid a soulign\u00e9 que le Festival Gnaoua d&rsquo;Essaouira, qui ne cesse de gagner en notori\u00e9t\u00e9, a donn\u00e9 une dynamique positive \u00e0 cette cit\u00e9 mill\u00e9naire, en passant d&rsquo;une ville touristique \u00e0 une ville culturelle par excellence qui promeut la diversit\u00e9 et le dialogue interculturel.<\/strong><\/p>\n<p><strong>Mettant en avant l&rsquo;importance de ce rendez-vous artistique de grande envergure \u00e0 l&rsquo;\u00e9chelle nationale et internationale, le ministre a insist\u00e9 sur l&rsquo;importance de l&rsquo;investissement dans la culture, comme \u00e9tant un levier au service du d\u00e9veloppement et de la paix.<\/strong><\/p>\n<p><strong>Dans ce sens, il a relev\u00e9 que son d\u00e9partement est fortement engag\u00e9 pour appuyer le Festival Gnaoua d&rsquo;Essaouira, aux c\u00f4t\u00e9s d&rsquo;autres festivals qui enrichissent la sc\u00e8ne artistique et culturelle nationale.<\/strong><\/p>\n<p><strong>De son c\u00f4t\u00e9, Mme Tazi a indiqu\u00e9 que le Festival Gnaoua est devenu un \u00e9v\u00e9nement historique t\u00e9moignant de la singularit\u00e9 et de la diversit\u00e9 de la culture marocaine dans le paysage artistique mondial et une v\u00e9ritable \u00e9cole favorisant les valeurs de tol\u00e9rance et de coexistence entre les cultures.<\/strong><\/p>\n<p><strong>Cette manifestation culturelle qui a r\u00e9ussi \u00e0 mettre en avant l&rsquo;art et la culture Gnaoua, attire des artistes de renom et un large public des quatre coins du monde, faisant de la musique un langage universel, a-t-elle soulign\u00e9.<\/strong><\/p>\n<p><strong>A cet \u00e9gard, elle a estim\u00e9 que l&rsquo;inscription de la culture Gnaoua en tant que patrimoine immat\u00e9riel mondial de l&rsquo;UNESCO repr\u00e9sente une reconnaissance internationale de sa valeur artistique et culturelle dans un pays o\u00f9 l&rsquo;industrie culturelle et cr\u00e9ative est devenue un facteur de croissance \u00e9conomique, conform\u00e9ment aux Hautes Directives de Sa Majest\u00e9 le Roi Mohammed VI.<\/strong><\/p>\n<p><strong>Elle a, en outre, pr\u00e9cis\u00e9 que l&rsquo;engagement du Maroc \u00e0 pr\u00e9server le patrimoine culturel national et son rayonnement \u00e0 l&rsquo;international traduit l&rsquo;int\u00e9r\u00eat qu&rsquo;accorde Sa Majest\u00e9 le Roi \u00e0 l&rsquo;importance de renforcer l&rsquo;identit\u00e9 marocaine et \u00e0 s&rsquo;ouvrir sur diff\u00e9rentes cultures, ajoutant que ce festival a prouv\u00e9 que la culture n&rsquo;est pas un luxe, mais une v\u00e9ritable force et un levier essentiel pour le d\u00e9veloppement.<\/strong><\/p>\n<p><strong>Il s\u2019agit, en effet, d\u2019un pr\u00e9lude d\u2019une parenth\u00e8se exceptionnelle, o\u00f9 le temps s\u2019arr\u00eate laissant place \u00e0 une communion rare, \u00e0 travers laquelle artistes internationaux, ma\u00e2lems gnaoua, jeune public, familles, m\u00e9lomanes et visiteurs \u00e9trangers vivent une exp\u00e9rience musicale et sensorielle unique dans une ville qui a \u00e9rig\u00e9 la tol\u00e9rance en art de vivre.<\/strong><\/p>\n<p><strong>Cette \u00e9dition, qui illumine le ciel de la cit\u00e9 des Aliz\u00e9s du 27 au 29 juin, accueille plus de 400 artistes \u00e0 l\u2019occasion de 53 concerts au total. Une programmation foisonnante et avant-gardiste, qui place les fusions au c\u0153ur de son dispositif et propose au public un large \u00e9ventail de musiques et d\u2019exp\u00e9rimentations sonores originales.<\/strong><\/p>\n<p><strong>Cette ann\u00e9e ne d\u00e9roge pas \u00e0 la r\u00e8gle. Avec des t\u00eates d\u2019affiche in\u00e9dites au Maroc, le festival Gnaoua promet des nuits m\u00e9morables o\u00f9 des sons enfi\u00e9vr\u00e9s venus des quatre coins du monde d\u00e9ferleront sur la cit\u00e9 des Aliz\u00e9s. Buika (Espagne), Saint Levant (Palestine), The Brecker Brothers Band Reunion (\u00c9tats-Unis), Labess (France, Alg\u00e9rie) et Bokant\u00e9 (\u00c9tats-Unis, Guadeloupe) sont quelques-unes des t\u00eates d\u2019affiche de cette 25\u00e8 \u00e9dition.<\/strong><\/p>\n<p><strong>Flamenco, blues, jazz, musique orientale, rap, rumba gitane, cha\u00e2bi, \u2026 Le Festival affirme, plus que jamais, son caract\u00e8re \u00e9clectique qui l\u2019a impos\u00e9 comme un rendez-vous incontournable dans l\u2019agenda du monde des musiques.<\/strong><\/p>\n<p><strong>Parall\u00e8lement aux concerts, se tiendra la 11\u00e8 \u00e9dition du Forum des droits humains du Festival Gnaoua et Musiques du Monde, organis\u00e9 en partenariat avec le Conseil de la communaut\u00e9 marocaine \u00e0 l\u2019\u00e9tranger autour de la th\u00e9matique d\u2019actualit\u00e9 \u00ab\u00a0Maroc, Espagne, Portugal : une histoire qui a de l\u2019avenir\u00a0\u00bb.<\/strong><\/p>\n<\/div>\n<\/div>\n","protected":false},"excerpt":{"rendered":"<p>Une grandiose parade haute en couleurs a ouvert, jeudi soir, le bal de la 25\u00e8me \u00e9dition du Festival Gnaoua et Musiques du Monde, plac\u00e9e sous le Haut Patronage de Sa Majest\u00e9 le Roi Mohammed VI. Cette d\u00e9ambulation dans\u00e9e anim\u00e9e par des rythmes gnaouis et autres arts folkloriques a sillonn\u00e9 les ruelles de l\u2019ancienne m\u00e9dina d\u2019Essaouira, [&hellip;]<\/p>\n","protected":false},"author":2,"featured_media":31301,"comment_status":"open","ping_status":"open","sticky":false,"template":"","format":"standard","meta":[],"categories":[26,9268,54,24],"tags":[376,6315,9579,9892],"yst_prominent_words":[352,457,354,738,730,1490,1484,734],"jetpack_featured_media_url":"https:\/\/le12.ma\/fr\/wp-content\/uploads\/2023\/04\/festival-de-gnaoua-essaouira-2022-212913-1654774129.jpg","_links":{"self":[{"href":"https:\/\/le12.ma\/fr\/wp-json\/wp\/v2\/posts\/43626"}],"collection":[{"href":"https:\/\/le12.ma\/fr\/wp-json\/wp\/v2\/posts"}],"about":[{"href":"https:\/\/le12.ma\/fr\/wp-json\/wp\/v2\/types\/post"}],"author":[{"embeddable":true,"href":"https:\/\/le12.ma\/fr\/wp-json\/wp\/v2\/users\/2"}],"replies":[{"embeddable":true,"href":"https:\/\/le12.ma\/fr\/wp-json\/wp\/v2\/comments?post=43626"}],"version-history":[{"count":1,"href":"https:\/\/le12.ma\/fr\/wp-json\/wp\/v2\/posts\/43626\/revisions"}],"predecessor-version":[{"id":43627,"href":"https:\/\/le12.ma\/fr\/wp-json\/wp\/v2\/posts\/43626\/revisions\/43627"}],"wp:featuredmedia":[{"embeddable":true,"href":"https:\/\/le12.ma\/fr\/wp-json\/wp\/v2\/media\/31301"}],"wp:attachment":[{"href":"https:\/\/le12.ma\/fr\/wp-json\/wp\/v2\/media?parent=43626"}],"wp:term":[{"taxonomy":"category","embeddable":true,"href":"https:\/\/le12.ma\/fr\/wp-json\/wp\/v2\/categories?post=43626"},{"taxonomy":"post_tag","embeddable":true,"href":"https:\/\/le12.ma\/fr\/wp-json\/wp\/v2\/tags?post=43626"},{"taxonomy":"yst_prominent_words","embeddable":true,"href":"https:\/\/le12.ma\/fr\/wp-json\/wp\/v2\/yst_prominent_words?post=43626"}],"curies":[{"name":"wp","href":"https:\/\/api.w.org\/{rel}","templated":true}]}}