{"id":43592,"date":"2024-06-27T12:53:16","date_gmt":"2024-06-27T11:53:16","guid":{"rendered":"https:\/\/le12.ma\/fr\/?p=43592"},"modified":"2024-06-27T12:49:30","modified_gmt":"2024-06-27T11:49:30","slug":"la-12eme-edition-du-festival-timizart-dargent-du-24-au-29-juillet-a-tiznit","status":"publish","type":"post","link":"https:\/\/le12.ma\/fr\/la-12eme-edition-du-festival-timizart-dargent-du-24-au-29-juillet-a-tiznit\/","title":{"rendered":"La 12\u00e8me \u00e9dition du festival \u00a0\u00bbTimizart\u00a0\u00bb d&rsquo;argent, du 24 au 29 juillet \u00e0 Tiznit"},"content":{"rendered":"<h2 id=\"div-gpt-ad-1479402937383-3\" class=\"ng-star-inserted\"><strong>La 12\u00e8me <a href=\"https:\/\/le12.ma\/fr\/coup-denvoi-de-la-100eme-edition-du-festival-des-cerises-de-sefrou\/\">\u00e9dition<\/a> du Festival \u00ab\u00a0Timizart\u00a0\u00bb d\u2019argent se tiendra du 24 au 29 juillet prochain \u00e0 Tiznit, sous le signe \u00ab\u00a0L\u2019orf\u00e8vrerie d\u2019argent: identit\u00e9, cr\u00e9ativit\u00e9 et d\u00e9veloppement\u00a0\u00bb.<\/strong><\/h2>\n<div id=\"contenu_article\" class=\"resume-article mb-4 text-left\">\n<p><strong>Cette <a href=\"https:\/\/www.medi1news.com\/fr\/article\/321474.html\">manifestation<\/a> ambitionne de valoriser le m\u00e9tier de l\u2019orf\u00e8vrerie qui se caract\u00e9rise par sa qualit\u00e9 et le savoir-faire de ses artisans, devenant ainsi l\u2019un des piliers de l\u2019artisanat dans la ville de Tiznit qui occupe d\u00e9sormais une place de choix au niveau national dans ce domaine, indique un communiqu\u00e9 de l\u2019association Timizart.<\/strong><\/p>\n<p><strong>Le programme de ce festival qui contribue \u00e0 la mise en valeur de l\u2019identit\u00e9 culturelle et patrimoniale de la ville de Tiznit, pr\u00e9voit une s\u00e9rie d\u2019activit\u00e9s dont une exposition de bijoux en argent avec la participation de plusieurs exposants nationaux et internationaux.<\/strong><\/p>\n<p><strong>Au menu de cet \u00e9v\u00e8nement, figurent aussi une exposition de produits de terroir et d\u2019artisanat, des spectacles \u00e9questres (tbourida) et folkloriques, en sus de soir\u00e9es artistiques et musicales anim\u00e9es par une pl\u00e9iade d\u2019artistes, un d\u00e9fil\u00e9 de mode, des conf\u00e9rences et des ateliers d\u2019artisanat.<\/strong><\/p>\n<p><strong>Le festival \u00ab\u00a0Timizart\u00a0\u00bb d\u2019argent vise \u00e0 mettre en valeur des aspects de l&rsquo;identit\u00e9 culturelle et patrimoniale de la ville de Tiznit li\u00e9s aux m\u00e9tiers de l&rsquo;argent avec la valorisation de cet h\u00e9ritage mat\u00e9riel, transmis et \u00e9rig\u00e9 en symbole de civilisation et en levier de d\u00e9veloppement \u00e9conomique.<\/strong><\/p>\n<p><strong>Il est organis\u00e9 en partenariat avec le Conseil de la r\u00e9gion Souss-Massa, les Conseils provincial et communal de Tiznit et la pr\u00e9fecture de la province de Tiznit.<\/strong><br \/>\n<strong>\u00a0<\/strong><\/p>\n<\/div>\n","protected":false},"excerpt":{"rendered":"<p>La 12\u00e8me \u00e9dition du Festival \u00ab\u00a0Timizart\u00a0\u00bb d\u2019argent se tiendra du 24 au 29 juillet prochain \u00e0 Tiznit, sous le signe \u00ab\u00a0L\u2019orf\u00e8vrerie d\u2019argent: identit\u00e9, cr\u00e9ativit\u00e9 et d\u00e9veloppement\u00a0\u00bb. Cette manifestation ambitionne de valoriser le m\u00e9tier de l\u2019orf\u00e8vrerie qui se caract\u00e9rise par sa qualit\u00e9 et le savoir-faire de ses artisans, devenant ainsi l\u2019un des piliers de l\u2019artisanat dans [&hellip;]<\/p>\n","protected":false},"author":2,"featured_media":43593,"comment_status":"open","ping_status":"open","sticky":false,"template":"","format":"standard","meta":[],"categories":[26,31,54,24],"tags":[14635,6158,6315,14634,14633],"yst_prominent_words":[261,694,2848,457,2754,2080,402],"jetpack_featured_media_url":"https:\/\/le12.ma\/fr\/wp-content\/uploads\/2024\/06\/timzirt.jpg","_links":{"self":[{"href":"https:\/\/le12.ma\/fr\/wp-json\/wp\/v2\/posts\/43592"}],"collection":[{"href":"https:\/\/le12.ma\/fr\/wp-json\/wp\/v2\/posts"}],"about":[{"href":"https:\/\/le12.ma\/fr\/wp-json\/wp\/v2\/types\/post"}],"author":[{"embeddable":true,"href":"https:\/\/le12.ma\/fr\/wp-json\/wp\/v2\/users\/2"}],"replies":[{"embeddable":true,"href":"https:\/\/le12.ma\/fr\/wp-json\/wp\/v2\/comments?post=43592"}],"version-history":[{"count":1,"href":"https:\/\/le12.ma\/fr\/wp-json\/wp\/v2\/posts\/43592\/revisions"}],"predecessor-version":[{"id":43594,"href":"https:\/\/le12.ma\/fr\/wp-json\/wp\/v2\/posts\/43592\/revisions\/43594"}],"wp:featuredmedia":[{"embeddable":true,"href":"https:\/\/le12.ma\/fr\/wp-json\/wp\/v2\/media\/43593"}],"wp:attachment":[{"href":"https:\/\/le12.ma\/fr\/wp-json\/wp\/v2\/media?parent=43592"}],"wp:term":[{"taxonomy":"category","embeddable":true,"href":"https:\/\/le12.ma\/fr\/wp-json\/wp\/v2\/categories?post=43592"},{"taxonomy":"post_tag","embeddable":true,"href":"https:\/\/le12.ma\/fr\/wp-json\/wp\/v2\/tags?post=43592"},{"taxonomy":"yst_prominent_words","embeddable":true,"href":"https:\/\/le12.ma\/fr\/wp-json\/wp\/v2\/yst_prominent_words?post=43592"}],"curies":[{"name":"wp","href":"https:\/\/api.w.org\/{rel}","templated":true}]}}