{"id":43409,"date":"2024-06-20T10:54:18","date_gmt":"2024-06-20T09:54:18","guid":{"rendered":"https:\/\/le12.ma\/fr\/?p=43409"},"modified":"2024-06-20T10:26:02","modified_gmt":"2024-06-20T09:26:02","slug":"a-khenifra-un-conservatoire-au-nom-du-virtuose-de-la-musique-amazighe-feu-mohamed-rouicha","status":"publish","type":"post","link":"https:\/\/le12.ma\/fr\/a-khenifra-un-conservatoire-au-nom-du-virtuose-de-la-musique-amazighe-feu-mohamed-rouicha\/","title":{"rendered":"A Kh\u00e9nifra, un conservatoire au nom du virtuose de la musique amazighe feu Mohamed Rouicha"},"content":{"rendered":"<div>\n<h2><strong>Le <a href=\"https:\/\/www.mapnews.ma\/fr\/\">conservatoire<\/a> de musique et d\u2019art chor\u00e9graphique de la ville de Kh\u00e9nifra a ouvert ses portes, mercredi 19 juin 2024. Ayant pour objectif de permettre une formation acad\u00e9mique pointue \u00e0 ses futurs b\u00e9n\u00e9ficiaires, la structure porte le nom de Mohamed Rouicha, figure embl\u00e9matique de la musique amazighe.<\/strong><\/h2>\n<p><strong>En effet, le <a href=\"https:\/\/le12.ma\/fr\/ceremonie-grandiose-a-loccasion-de-la-nouvel-an-amazigh\/\">conservatoire<\/a> est situ\u00e9 au centre-ville de Kh\u00e9nifra, cit\u00e9 historique des Zayane,\u00a0en hommage \u00e0\u00a0cette ic\u00f4ne de la m\u00e9moire musicale de l\u2019Atlas, qui a contribu\u00e9 au d\u00e9veloppement de la sc\u00e8ne culturelle khenifri et nationale. Solf\u00e8ge, luth ou violon, l\u2019institut offre une vari\u00e9t\u00e9 de formations pour la pr\u00e9paration et l\u2019accompagnement des jeunes musiciens dans leur voie d\u2019artiste, tout en tenant compte des sp\u00e9cificit\u00e9s musicales et po\u00e9tiques du Moyen-Atlas.<\/strong><\/p>\n<p><strong>Actuellement, la structure accueille\u00a042 \u00e9l\u00e8ves, qui suivent leurs cours dans des salles acoustiques pour pratiquer divers instruments de musique. Le conservatoire dispose aussi d&rsquo;une salle de danse, con\u00e7ue selon les exigences de th\u00e9\u00e2tre et d&rsquo;arts de sc\u00e8ne, avec des loges pour les artistes. Dans une d\u00e9claration \u00e0 la MAP, Kamal Seghir, directeur et professeur de ce conservatoire, indique que ce dernier\u00a0est un joyau culturel in\u00e9dit. Il se veut ainsi un nouveau jalon sur la voie du renforcement de la sc\u00e8ne artistique, contribuant au d\u00e9veloppement et \u00e0 l\u2019am\u00e9lioration de la pratique musicale au niveau provincial.<\/strong><\/p>\n<p><strong>Premi\u00e8re du genre au niveau du chef-lieu du Moyen-Atlas, cette structure est une vitrine pour la valorisation du patrimoine artistique immat\u00e9riel, permettant, par la m\u00eame occasion, l&rsquo;\u00e9closion de nouveaux talents. Elle permet aussi d\u2019encourager la pratique musicale parmi les jeunes g\u00e9n\u00e9rations, en particulier les habitants des zones rurales difficiles d\u2019acc\u00e8s.<\/strong><\/p>\n<\/div>\n","protected":false},"excerpt":{"rendered":"<p>Le conservatoire de musique et d\u2019art chor\u00e9graphique de la ville de Kh\u00e9nifra a ouvert ses portes, mercredi 19 juin 2024. Ayant pour objectif de permettre une formation acad\u00e9mique pointue \u00e0 ses futurs b\u00e9n\u00e9ficiaires, la structure porte le nom de Mohamed Rouicha, figure embl\u00e9matique de la musique amazighe. En effet, le conservatoire est situ\u00e9 au centre-ville [&hellip;]<\/p>\n","protected":false},"author":2,"featured_media":43410,"comment_status":"open","ping_status":"open","sticky":false,"template":"","format":"standard","meta":[],"categories":[26,31,54],"tags":[14544,14545,14546],"yst_prominent_words":[2849,694,1957,1243,826,1754,1671],"jetpack_featured_media_url":"https:\/\/le12.ma\/fr\/wp-content\/uploads\/2024\/06\/rouicha.webp","_links":{"self":[{"href":"https:\/\/le12.ma\/fr\/wp-json\/wp\/v2\/posts\/43409"}],"collection":[{"href":"https:\/\/le12.ma\/fr\/wp-json\/wp\/v2\/posts"}],"about":[{"href":"https:\/\/le12.ma\/fr\/wp-json\/wp\/v2\/types\/post"}],"author":[{"embeddable":true,"href":"https:\/\/le12.ma\/fr\/wp-json\/wp\/v2\/users\/2"}],"replies":[{"embeddable":true,"href":"https:\/\/le12.ma\/fr\/wp-json\/wp\/v2\/comments?post=43409"}],"version-history":[{"count":1,"href":"https:\/\/le12.ma\/fr\/wp-json\/wp\/v2\/posts\/43409\/revisions"}],"predecessor-version":[{"id":43411,"href":"https:\/\/le12.ma\/fr\/wp-json\/wp\/v2\/posts\/43409\/revisions\/43411"}],"wp:featuredmedia":[{"embeddable":true,"href":"https:\/\/le12.ma\/fr\/wp-json\/wp\/v2\/media\/43410"}],"wp:attachment":[{"href":"https:\/\/le12.ma\/fr\/wp-json\/wp\/v2\/media?parent=43409"}],"wp:term":[{"taxonomy":"category","embeddable":true,"href":"https:\/\/le12.ma\/fr\/wp-json\/wp\/v2\/categories?post=43409"},{"taxonomy":"post_tag","embeddable":true,"href":"https:\/\/le12.ma\/fr\/wp-json\/wp\/v2\/tags?post=43409"},{"taxonomy":"yst_prominent_words","embeddable":true,"href":"https:\/\/le12.ma\/fr\/wp-json\/wp\/v2\/yst_prominent_words?post=43409"}],"curies":[{"name":"wp","href":"https:\/\/api.w.org\/{rel}","templated":true}]}}