{"id":43149,"date":"2024-06-07T15:53:25","date_gmt":"2024-06-07T14:53:25","guid":{"rendered":"https:\/\/le12.ma\/fr\/?p=43149"},"modified":"2024-06-07T15:27:24","modified_gmt":"2024-06-07T14:27:24","slug":"coup-denvoi-de-la-100eme-edition-du-festival-des-cerises-de-sefrou","status":"publish","type":"post","link":"https:\/\/le12.ma\/fr\/coup-denvoi-de-la-100eme-edition-du-festival-des-cerises-de-sefrou\/","title":{"rendered":"Coup d\u2019envoi de la 100\u00e8me \u00e9dition du Festival des cerises de Sefrou"},"content":{"rendered":"<div id=\"contenu_article\" class=\"resume-article mb-4 text-left\">\n<h2><strong>Le coup d&rsquo;envoi de la 100\u00e8me \u00e9dition du <a href=\"https:\/\/www.medi1news.com\/fr\/article\/319668.html\">Festival<\/a> des cerises de Sefrou, class\u00e9 au patrimoine immat\u00e9riel de l&rsquo;humanit\u00e9 par l&rsquo;UNESCO depuis 2012, a \u00e9t\u00e9 donn\u00e9 jeudi soir.<\/strong><\/h2>\n<p><strong>Organis\u00e9 sous le Haut <a href=\"https:\/\/le12.ma\/fr\/indh-a-sefrou-le-transport-scolaire-pour-promouvoir-la-scolarisation-de-la-fille-rurale\/\">Patronage<\/a> de Sa Majest\u00e9 le Roi Mohammed VI, ce festival a \u00e9t\u00e9 marqu\u00e9 par l&rsquo;ouverture d&rsquo;un espace d&rsquo;exposition, qui comprend un Salon r\u00e9gional de l&rsquo;\u00e9dition et du livre, un Salon de la production et de la transformation des cerises, ainsi qu\u2019un Salon de l&rsquo;\u00e9conomie sociale et solidaire.<\/strong><\/p>\n<p><strong>Sur la Place de Bab Al Maqam, Bouchra Abejja, habitante de Sefrou et originaire de Tahla, a \u00e9t\u00e9 couronn\u00e9e Miss Cerisette de cette 100\u00e8me \u00e9dition du festival, organis\u00e9 par le minist\u00e8re de la Jeunesse, de la Culture et de la Communication en partenariat avec le Conseil de la commune de Sefrou. Il est titulaire d&rsquo;un master de l\u2019Institut National des Sciences de l&rsquo;Arch\u00e9ologie et du Patrimoine de Rabat.<\/strong><\/p>\n<p><strong>De son c\u00f4t\u00e9, Ghita Berji, de F\u00e8s, a \u00e9t\u00e9 couronn\u00e9e premi\u00e8re dauphine et Zinab Aouine, d&rsquo;Imouzzer Kandar, deuxi\u00e8me dauphine, au son d&rsquo;une prestation artistique de la troupe musicale la Marine royale et d&rsquo;un spectacle de drones.<\/strong><\/p>\n<p><strong>Dans une allocution lue en son nom par la secr\u00e9taire g\u00e9n\u00e9rale du minist\u00e8re de la Culture, Samira El Malizi, le ministre de la Jeunesse, de la Culture et de la Communication, Mohamed Mehdi Bensaid, a indiqu\u00e9 que \u00ab\u00a0la continuit\u00e9 du Festival des cerises au cours des derni\u00e8res ann\u00e9es est principalement due \u00e0 l&rsquo;\u00e9treinte mutuelle entre la nature et l&rsquo;homme, un id\u00e9al dont nous avons besoin aujourd\u2019hui \u00e0 la lumi\u00e8re des turbulences qui menacent cette relation\u00a0\u00bb.<\/strong><\/p>\n<p><strong>M. Bensaid a salu\u00e9 la haute sollicitude dont le Souverain entoure cet \u00e9v\u00e9nement et la richesse du patrimoine culturel marocain, mat\u00e9riel et immat\u00e9riel, qui est au c\u0153ur de l\u2019\u00e9v\u00e9nement.<\/strong><\/p>\n<p><strong>Le ministre a soulign\u00e9 que les cerises ont constitu\u00e9, pendant des d\u00e9cennies, une source de rayonnement culturel, \u00e9conomique et diplomatique du Royaume, soulignant que le festival \u00ab\u00a0a consacr\u00e9 la cr\u00e9ativit\u00e9 dans sa forme la plus pure et a abouti \u00e0 un syst\u00e8me de d\u00e9veloppement bas\u00e9 sur les activit\u00e9s et les r\u00e9alisations de la ville\u00a0\u00bb.<\/strong><\/p>\n<p><strong>De son c\u00f4t\u00e9, le pr\u00e9sident du Conseil communal de Sefrou, Rachid Ahmed Charif, a soulign\u00e9 que le classement du festival au patrimoine immat\u00e9riel de l&rsquo;humanit\u00e9 par l&rsquo;UNESCO a constitu\u00e9 un levier pour le secteur du tourisme \u00e0 Sefrou, qui se caract\u00e9rise par son histoire ancienne et son patrimoine culturel mat\u00e9riel et immat\u00e9riel.<\/strong><\/p>\n<p><strong>Pour sa part, Bouchra Abejja a exprim\u00e9 sa fiert\u00e9 d&rsquo;\u00eatre couronn\u00e9e Miss Cerisette pour le centenaire du festival, exprimant l\u2019espoir de r\u00e9aliser le projet qu\u2019elle a pr\u00e9sent\u00e9e dans le cadre du concours et qui vise \u00e0 cr\u00e9er un mus\u00e9e pour mettre en valeur le riche patrimoine de la ville de Sefrou.<\/strong><\/p>\n<p><strong>Le Festival des cerises de Sefrou, qui a vu le jour en 1920 sous le Protectorat fran\u00e7ais, t\u00e9moigne de la pr\u00e9dominance des valeurs de tol\u00e9rance et du vivre-ensemble parmi les habitants de Sefrou o\u00f9 coexistaient les trois religions monoth\u00e9istes dont les membres se rassemblaient pour \u00e9lire Miss Cerisette pendant le mois de juin.<\/strong><\/p>\n<p><strong>Les c\u00e9l\u00e9brations du Festival des cerises se poursuivent pendant plusieurs jours avec la pleine implication des habitants de la ville. Il s\u2019agit aussi d\u2019une opportunit\u00e9 de redynamiser l&rsquo;\u00e9conomie li\u00e9e au patrimoine immat\u00e9riel de la ville de Sefrou et au patrimoine culturel de toute la r\u00e9gion, un patrimoine urbain ancien caract\u00e9ris\u00e9 par le pluralisme, la diversit\u00e9 et la richesse, avec notamment l\u2019artisanat et les produits locaux.<\/strong><br \/>\n<strong>\u00a0<\/strong><\/p>\n<\/div>\n","protected":false},"excerpt":{"rendered":"<p>Le coup d&rsquo;envoi de la 100\u00e8me \u00e9dition du Festival des cerises de Sefrou, class\u00e9 au patrimoine immat\u00e9riel de l&rsquo;humanit\u00e9 par l&rsquo;UNESCO depuis 2012, a \u00e9t\u00e9 donn\u00e9 jeudi soir. Organis\u00e9 sous le Haut Patronage de Sa Majest\u00e9 le Roi Mohammed VI, ce festival a \u00e9t\u00e9 marqu\u00e9 par l&rsquo;ouverture d&rsquo;un espace d&rsquo;exposition, qui comprend un Salon r\u00e9gional [&hellip;]<\/p>\n","protected":false},"author":2,"featured_media":43150,"comment_status":"open","ping_status":"open","sticky":false,"template":"","format":"standard","meta":[],"categories":[26,9268,54,24],"tags":[14443,14444],"yst_prominent_words":[457,255],"jetpack_featured_media_url":"https:\/\/le12.ma\/fr\/wp-content\/uploads\/2024\/06\/Cerises.jpg","_links":{"self":[{"href":"https:\/\/le12.ma\/fr\/wp-json\/wp\/v2\/posts\/43149"}],"collection":[{"href":"https:\/\/le12.ma\/fr\/wp-json\/wp\/v2\/posts"}],"about":[{"href":"https:\/\/le12.ma\/fr\/wp-json\/wp\/v2\/types\/post"}],"author":[{"embeddable":true,"href":"https:\/\/le12.ma\/fr\/wp-json\/wp\/v2\/users\/2"}],"replies":[{"embeddable":true,"href":"https:\/\/le12.ma\/fr\/wp-json\/wp\/v2\/comments?post=43149"}],"version-history":[{"count":1,"href":"https:\/\/le12.ma\/fr\/wp-json\/wp\/v2\/posts\/43149\/revisions"}],"predecessor-version":[{"id":43151,"href":"https:\/\/le12.ma\/fr\/wp-json\/wp\/v2\/posts\/43149\/revisions\/43151"}],"wp:featuredmedia":[{"embeddable":true,"href":"https:\/\/le12.ma\/fr\/wp-json\/wp\/v2\/media\/43150"}],"wp:attachment":[{"href":"https:\/\/le12.ma\/fr\/wp-json\/wp\/v2\/media?parent=43149"}],"wp:term":[{"taxonomy":"category","embeddable":true,"href":"https:\/\/le12.ma\/fr\/wp-json\/wp\/v2\/categories?post=43149"},{"taxonomy":"post_tag","embeddable":true,"href":"https:\/\/le12.ma\/fr\/wp-json\/wp\/v2\/tags?post=43149"},{"taxonomy":"yst_prominent_words","embeddable":true,"href":"https:\/\/le12.ma\/fr\/wp-json\/wp\/v2\/yst_prominent_words?post=43149"}],"curies":[{"name":"wp","href":"https:\/\/api.w.org\/{rel}","templated":true}]}}