{"id":43096,"date":"2024-06-06T11:18:13","date_gmt":"2024-06-06T10:18:13","guid":{"rendered":"https:\/\/le12.ma\/fr\/?p=43096"},"modified":"2024-06-06T11:18:13","modified_gmt":"2024-06-06T10:18:13","slug":"annee-culturelle-qatar-maroc-2024-cloture-en-apotheose-de-lexposition-des-bijoux-berberes-du-palais-royal","status":"publish","type":"post","link":"https:\/\/le12.ma\/fr\/annee-culturelle-qatar-maroc-2024-cloture-en-apotheose-de-lexposition-des-bijoux-berberes-du-palais-royal\/","title":{"rendered":"Ann\u00e9e culturelle Qatar-Maroc 2024 : cl\u00f4ture en apoth\u00e9ose de l\u2019exposition des \u00ab\u00a0Bijoux berb\u00e8res du Palais Royal\u00a0\u00bb"},"content":{"rendered":"<div id=\"contenu_article\" class=\"resume-article mb-4 text-left\">\n<h2><strong>L\u2019exposition des \u00ab\u00a0Bijoux berb\u00e8res du Palais Royal\u00a0\u00bb au Mus\u00e9e d&rsquo;Art Islamique de Doha, programme inaugural de l\u2019ann\u00e9e culturelle Qatar-Maroc 2024, vient de se cl\u00f4turer en apoth\u00e9ose.<\/strong><\/h2>\n<p><strong>Initi\u00e9e par Sa Majest\u00e9 le Roi Mohammed VI\u00a0et expos\u00e9e pour la premi\u00e8re fois en dehors du Royaume, cette exposition t\u00e9moigne de la profondeur des liens forts et historiques entre les deux peuples fr\u00e8res et les deux Chefs d\u2019Etat, Sa Majest\u00e9 le Roi Mohammed VI et Son Altesse Cheikh Tamim Ben Hamad Al Thani.<\/strong><\/p>\n<p><strong>Organis\u00e9e par la Fondation Nationale des Mus\u00e9es du Royaume du Maroc et le Mus\u00e9e d&rsquo;Art Islamique de Doha avec le soutien de l\u2019Ambassade du Maroc au Qatar, cette exposition, ouverte au public du 20 f\u00e9vrier au 20 mai, a repr\u00e9sent\u00e9 une fen\u00eatre unique sur la culture marocaine.<\/strong><\/p>\n<p><strong>Elle se voulait comme un face-\u00e0-face entre le visiteur et une impressionnante collection de bijoux en argent, qui constitue une partie importante de l&rsquo;exposition permanente des Oudayas du Maroc appartenant au Mus\u00e9e National de la Parure de Rabat, en rendant hommage aux artisans qui ont minutieusement cisel\u00e9 ces pi\u00e8ces d\u2019exception et, en particulier, aux femmes qui ont sauvegard\u00e9 ces traditions.<\/strong><\/p>\n<p><strong>Les Marocains \u00e9tablis au Qatar, Qataris et touristes de passage \u00e0 Doha sont tr\u00e8s nombreux \u00e0 avoir exprim\u00e9 leur grande fiert\u00e9 en d\u00e9couvrant cette collection qui repr\u00e9sente une facette exceptionnelle du patrimoine mat\u00e9riel et immat\u00e9riel marocain. Une fiert\u00e9 d\u2019autant plus grande que c\u2019est la premi\u00e8re fois que cette collection, pl\u00e9biscit\u00e9e par les milliers de visiteurs qui ont eu le privil\u00e8ge de la d\u00e9couvrir, a \u00e9t\u00e9 expos\u00e9e en dehors du Maroc.<\/strong><\/p>\n<p><strong>Aussi pour immortaliser ce moment exceptionnel et historique, un film d\u2019une rare beaut\u00e9 a \u00e9t\u00e9 r\u00e9alis\u00e9 afin de capturer le sublime de ces 200 bijoux d\u2019exception et de toucher un plus large public du monde entier.<\/strong><\/p>\n<p><strong>A rappeler que \u00ab\u00a0Years of Culture\u00a0\u00bb, initiative visant \u00e0 renforcer les relations entre les nations et les peuples, a d\u00e9sign\u00e9 le Maroc comme partenaire du Qatar pour cette ann\u00e9e 2024. L\u2019ann\u00e9e sera ponctu\u00e9e par de grandes expositions artistiques et d\u2019\u00e9v\u00e9nements culturels dans chacun des deux pays.<\/strong><\/p>\n<p><strong>Le Maroc pr\u00e9voit une s\u00e9rie d\u2019actions o\u00f9 le savoir-faire, la culture, l\u2019architecture, la gastronomie et les arts marocains seront \u00e0 l\u2019honneur.<\/strong><\/p>\n<\/div>\n","protected":false},"excerpt":{"rendered":"<p>L\u2019exposition des \u00ab\u00a0Bijoux berb\u00e8res du Palais Royal\u00a0\u00bb au Mus\u00e9e d&rsquo;Art Islamique de Doha, programme inaugural de l\u2019ann\u00e9e culturelle Qatar-Maroc 2024, vient de se cl\u00f4turer en apoth\u00e9ose. Initi\u00e9e par Sa Majest\u00e9 le Roi Mohammed VI\u00a0et expos\u00e9e pour la premi\u00e8re fois en dehors du Royaume, cette exposition t\u00e9moigne de la profondeur des liens forts et historiques entre [&hellip;]<\/p>\n","protected":false},"author":2,"featured_media":43097,"comment_status":"open","ping_status":"open","sticky":false,"template":"","format":"standard","meta":[],"categories":[26,31,33,54],"tags":[14412,10304,14413],"yst_prominent_words":[3830,583,354,738,730,69,1490,1459,3428,1484,734],"jetpack_featured_media_url":"https:\/\/le12.ma\/fr\/wp-content\/uploads\/2024\/06\/bijoux.jpg","_links":{"self":[{"href":"https:\/\/le12.ma\/fr\/wp-json\/wp\/v2\/posts\/43096"}],"collection":[{"href":"https:\/\/le12.ma\/fr\/wp-json\/wp\/v2\/posts"}],"about":[{"href":"https:\/\/le12.ma\/fr\/wp-json\/wp\/v2\/types\/post"}],"author":[{"embeddable":true,"href":"https:\/\/le12.ma\/fr\/wp-json\/wp\/v2\/users\/2"}],"replies":[{"embeddable":true,"href":"https:\/\/le12.ma\/fr\/wp-json\/wp\/v2\/comments?post=43096"}],"version-history":[{"count":1,"href":"https:\/\/le12.ma\/fr\/wp-json\/wp\/v2\/posts\/43096\/revisions"}],"predecessor-version":[{"id":43098,"href":"https:\/\/le12.ma\/fr\/wp-json\/wp\/v2\/posts\/43096\/revisions\/43098"}],"wp:featuredmedia":[{"embeddable":true,"href":"https:\/\/le12.ma\/fr\/wp-json\/wp\/v2\/media\/43097"}],"wp:attachment":[{"href":"https:\/\/le12.ma\/fr\/wp-json\/wp\/v2\/media?parent=43096"}],"wp:term":[{"taxonomy":"category","embeddable":true,"href":"https:\/\/le12.ma\/fr\/wp-json\/wp\/v2\/categories?post=43096"},{"taxonomy":"post_tag","embeddable":true,"href":"https:\/\/le12.ma\/fr\/wp-json\/wp\/v2\/tags?post=43096"},{"taxonomy":"yst_prominent_words","embeddable":true,"href":"https:\/\/le12.ma\/fr\/wp-json\/wp\/v2\/yst_prominent_words?post=43096"}],"curies":[{"name":"wp","href":"https:\/\/api.w.org\/{rel}","templated":true}]}}