{"id":4303,"date":"2020-09-24T11:41:26","date_gmt":"2020-09-24T10:41:26","guid":{"rendered":"https:\/\/le12.ma\/fr\/?p=4303"},"modified":"2020-09-24T11:41:26","modified_gmt":"2020-09-24T10:41:26","slug":"a-vienne-sur-les-traces-de-sigmund-freud","status":"publish","type":"post","link":"https:\/\/le12.ma\/fr\/a-vienne-sur-les-traces-de-sigmund-freud\/","title":{"rendered":"A Vienne, sur les traces de Sigmund Freud"},"content":{"rendered":"<p class=\"p1\">\n<p class=\"p3\"><span style=\"color: #ff0000;\"><strong><span class=\"s2\">Vienne \u2013 Par : Houcine MAIMOUNI<\/span><\/strong><\/span><\/p>\n<p class=\"p3\"><strong><span class=\"s2\">En plein c\u0153ur de Vienne, dans le 9\u00e8me arrondissement (19, rue Bergasse), un immeuble se fond all\u00e8grement dans l\u2019environnement ambiant. Rien ne distingue la b\u00e2tisse blanc cass\u00e9 si ce n\u2019est une plaque : \u201cMus\u00e9e Sigmund Freud\u201d.<\/span><\/strong><\/p>\n<p class=\"p3\"><strong><span class=\"s2\">Le mus\u00e9e, dont les travaux de r\u00e9novation ont \u00e9t\u00e9 retard\u00e9s par le Covid-19, a \u00e9t\u00e9 inaugur\u00e9 dans sa nouvelle version, mercredi, en pr\u00e9sence du pr\u00e9sident du gouvernement f\u00e9d\u00e9ral d\u2019Autriche, Alexander Van der Bellen, et d\u2019une importante d\u00e9l\u00e9gation officielle, quoique en format r\u00e9duit. Pand\u00e9mie oblige !<\/span><\/strong><\/p>\n<p class=\"p3\"><strong><span class=\"s2\">A l\u2019entr\u00e9e, on sonne. Comme le faisaient, il y a cent ans, les patients du grand Professeur. Une fois le pas franchi, le visiteur sombre imm\u00e9diatement dans une immersion \u00e0 vif, comme emport\u00e9 dans la p\u00e9nombre d\u2019un espace-temps d\u2019un autre \u00e2ge.<\/span><\/strong><\/p>\n<p class=\"p3\"><strong><span class=\"s2\">C\u2019est ici que Freud a v\u00e9cu. C\u2019est ici qu\u2019il a \u00e9crit et offici\u00e9 comme praticien pendant 47 ans, de 1891 \u00e0 1938, date \u00e0 laquelle il \u00e9tait contraint de fuir avec sa famille le r\u00e9gime national-socialiste, suite \u00e0 l\u2019annexion de l\u2019Autriche par le r\u00e9gime nazi.<\/span><\/strong><\/p>\n<p class=\"p3\"><strong><span class=\"s2\">Au fil de ces ann\u00e9es, sa famille a v\u00e9cu \u00e0 diff\u00e9rents \u00e9tages. Mais c\u2019est ici qu\u2019il a \u00e9crit ses plus grandes \u0153uvres (L\u2019Interpr\u00e9tation du r\u00eave, Cinq le\u00e7ons sur la psychanalyse, Le Moi et le \u00c7a, Totem et tabou, etc.). Sa c\u00e9l\u00e8bre Soci\u00e9t\u00e9 psychologique du mercredi (le premier cercle psychanalytique de l\u2019histoire) se retrouvait ici, dans la salle d\u2019attente du cabinet.<\/span><\/strong><\/p>\n<p class=\"p3\"><strong><span class=\"s2\">\u201cJe crois que \u00e7a n\u2019a aucun sens de r\u00e9nover quelque chose si elle ne cadre pas avec le contexte actuel\u201d, pr\u00e9vient dans une d\u00e9claration \u00e0 la MAP la directrice du mus\u00e9e Monika Pessler.<\/span><\/strong><\/p>\n<p class=\"p3\"><strong><span class=\"s2\">Pour r\u00e9ussir cette op\u00e9ration de r\u00e9novation, de r\u00e9organisation et d\u2019extension du mus\u00e9e, a-t-elle expliqu\u00e9, trois architectes viennois ont eu la merveilleuse id\u00e9e de jouer sur l\u2019espace : la superficie du b\u00e2timent, qui couvre d\u00e9sormais environ 550 m2, a presque doubl\u00e9.<\/span><\/strong><\/p>\n<p class=\"p3\"><strong><span class=\"s2\">Pour la premi\u00e8re fois, toutes les pi\u00e8ces priv\u00e9es de la famille Freud sont accessibles y compris son \u201cpremier\u201d cabinet situ\u00e9 au rez-de-chauss\u00e9e sup\u00e9rieur.<\/span><\/strong><\/p>\n<p class=\"p3\"><strong><span class=\"s2\">Mieux, le bel \u00e9tage est enti\u00e8rement d\u00e9di\u00e9 \u00e0 la recherche. Il abrite la plus grande biblioth\u00e8que de psychanalyse d\u2019Europe (plus de 40 000 ouvrages), ainsi que les archives du mus\u00e9e, qui sont \u00e9quip\u00e9es d\u2019une nouvelle salle de lecture et de conf\u00e9rences.<\/span><\/strong><\/p>\n<p class=\"p3\"><strong><span class=\"s2\">L\u2019infrastructure modernis\u00e9e du mus\u00e9e offre des installations modernes qui incluent un guichet, une boutique du mus\u00e9e et un caf\u00e9 dans le hall, alors que les salles de l\u2019entresol, qui composaient le cabinet de Freud, pr\u00e9sentent d\u00e9sormais des \u0153uvres d\u2019art, dont des collections d\u2019art conceptuel.<\/span><\/strong><\/p>\n<p class=\"p3\"><strong><span class=\"s2\">La vie de la famille Freud est reconstitu\u00e9e \u00e0 l\u2019aide de photographies historiques qui livrent un aper\u00e7u de l\u2019utilisation des pi\u00e8ces dont la structure est conserv\u00e9e \u00e0 l\u2019identique : les planchers, les portes et leurs poign\u00e9es, le dressing, la cage d\u2019escalier, la vue sur la cour arbor\u00e9e\u2026.<\/span><\/strong><\/p>\n<p><img decoding=\"async\" loading=\"lazy\" class=\"alignnone size-full wp-image-4305\" src=\"https:\/\/le12.ma\/fr\/wp-content\/uploads\/2020\/09\/F14282A5-753E-46D9-8E36-902F86BADADB.jpeg\" alt=\"\" width=\"550\" height=\"309\" srcset=\"https:\/\/le12.ma\/fr\/wp-content\/uploads\/2020\/09\/F14282A5-753E-46D9-8E36-902F86BADADB.jpeg 550w, https:\/\/le12.ma\/fr\/wp-content\/uploads\/2020\/09\/F14282A5-753E-46D9-8E36-902F86BADADB-300x169.jpeg 300w, https:\/\/le12.ma\/fr\/wp-content\/uploads\/2020\/09\/F14282A5-753E-46D9-8E36-902F86BADADB-480x270.jpeg 480w\" sizes=\"(max-width: 550px) 100vw, 550px\" \/><\/p>\n<p class=\"p3\"><strong><span class=\"s2\">Le projet de r\u00e9novation et de restauration, qui a co\u00fbt\u00e9 environ 4 millions d\u2019euros, a \u00e9t\u00e9 financ\u00e9 par la ville de Vienne, le gouvernement f\u00e9d\u00e9ral, des donateurs priv\u00e9s et la Fondation Sigmund Freud, qui g\u00e8re \u00e9galement le mus\u00e9e.<\/span><\/strong><\/p>\n<p class=\"p3\"><strong><span class=\"s2\">Depuis son ouverture en 1971, ce mus\u00e9e regroupe des milliers d\u2019archives, correspondances, lettres et objets d\u2019antiquit\u00e9, dont Anna Freud, elle-m\u00eame psychanalyste, a fait don \u00e0 la Fondation Sigmund Freud.<\/span><\/strong><\/p>\n<p class=\"p3\"><strong><span class=\"s2\">R\u00e9sultat : ce petit immeuble paisible et discret accueille, \u00e0 lui-seul, pas moins de 100 000 visiteurs par an et \u201cle nombre ira sans doute croissant \u00e0 l\u2019avenir\u201d, assure Mme Pessler.<\/span><\/strong><\/p>\n<p class=\"p3\"><strong><span class=\"s2\">Pourquoi ? \u201cFreud disait que nul n\u2019est ma\u00eetre en sa demeure. C\u2019est-\u00e0-dire qu\u2019il y a tellement d\u2019\u00e9motions refoul\u00e9es dans notre inconscient, dont on ne conna\u00eet point comment elles influencent nos d\u00e9cisions\u201d, explique-t-elle.<\/span><\/strong><\/p>\n<p class=\"p3\"><strong><span class=\"s2\">Sur la contemporan\u00e9it\u00e9 de la le\u00e7on de Freud, elle a soutenu que le p\u00e8re de la psychanalyse \u201ca toujours \u00e9t\u00e9 ouvert au vivre-ensemble, tr\u00e8s respectueux des autres cultures. On a un long chemin \u00e0 parcourir pour une vie civilis\u00e9e avec des peuples diff\u00e9rents, issus de divers backgrounds et cultures\u201d.<\/span><\/strong><\/p>\n","protected":false},"excerpt":{"rendered":"<p>Vienne \u2013 Par : Houcine MAIMOUNI En plein c\u0153ur de Vienne, dans le 9\u00e8me arrondissement (19, rue Bergasse), un immeuble se fond all\u00e8grement dans l\u2019environnement ambiant. Rien ne distingue la b\u00e2tisse blanc cass\u00e9 si ce n\u2019est une plaque : \u201cMus\u00e9e Sigmund Freud\u201d. Le mus\u00e9e, dont les travaux de r\u00e9novation ont \u00e9t\u00e9 retard\u00e9s par le Covid-19, [&hellip;]<\/p>\n","protected":false},"author":2,"featured_media":4304,"comment_status":"open","ping_status":"open","sticky":false,"template":"","format":"standard","meta":[],"categories":[26,31,30],"tags":[6435,6434,6433],"yst_prominent_words":[919,1226,2866,395,3936,1459],"jetpack_featured_media_url":"https:\/\/le12.ma\/fr\/wp-content\/uploads\/2020\/09\/6776A33E-3879-47D4-A26D-26BACDA71255.jpeg","_links":{"self":[{"href":"https:\/\/le12.ma\/fr\/wp-json\/wp\/v2\/posts\/4303"}],"collection":[{"href":"https:\/\/le12.ma\/fr\/wp-json\/wp\/v2\/posts"}],"about":[{"href":"https:\/\/le12.ma\/fr\/wp-json\/wp\/v2\/types\/post"}],"author":[{"embeddable":true,"href":"https:\/\/le12.ma\/fr\/wp-json\/wp\/v2\/users\/2"}],"replies":[{"embeddable":true,"href":"https:\/\/le12.ma\/fr\/wp-json\/wp\/v2\/comments?post=4303"}],"version-history":[{"count":1,"href":"https:\/\/le12.ma\/fr\/wp-json\/wp\/v2\/posts\/4303\/revisions"}],"predecessor-version":[{"id":4306,"href":"https:\/\/le12.ma\/fr\/wp-json\/wp\/v2\/posts\/4303\/revisions\/4306"}],"wp:featuredmedia":[{"embeddable":true,"href":"https:\/\/le12.ma\/fr\/wp-json\/wp\/v2\/media\/4304"}],"wp:attachment":[{"href":"https:\/\/le12.ma\/fr\/wp-json\/wp\/v2\/media?parent=4303"}],"wp:term":[{"taxonomy":"category","embeddable":true,"href":"https:\/\/le12.ma\/fr\/wp-json\/wp\/v2\/categories?post=4303"},{"taxonomy":"post_tag","embeddable":true,"href":"https:\/\/le12.ma\/fr\/wp-json\/wp\/v2\/tags?post=4303"},{"taxonomy":"yst_prominent_words","embeddable":true,"href":"https:\/\/le12.ma\/fr\/wp-json\/wp\/v2\/yst_prominent_words?post=4303"}],"curies":[{"name":"wp","href":"https:\/\/api.w.org\/{rel}","templated":true}]}}