{"id":43018,"date":"2024-06-03T17:16:29","date_gmt":"2024-06-03T16:16:29","guid":{"rendered":"https:\/\/le12.ma\/fr\/?p=43018"},"modified":"2024-06-03T17:16:29","modified_gmt":"2024-06-03T16:16:29","slug":"le-moussem-de-tan-tan-celebre-sa-17eme-edition-communique","status":"publish","type":"post","link":"https:\/\/le12.ma\/fr\/le-moussem-de-tan-tan-celebre-sa-17eme-edition-communique\/","title":{"rendered":"Le Moussem de Tan Tan c\u00e9l\u00e8bre sa 17\u00e8me \u00e9dition( COMMUNIQUE)"},"content":{"rendered":"<h2>Le Moussem de <a href=\"https:\/\/le12.ma\/fr\/omar-hilale-ia-le-maroc-un-phare-dinnovation-et-de-creativite-en-afrique\/\"><em>Tan-Tan<\/em><\/a>, \u00e9v\u00e9nement phare c\u00e9l\u00e9brant la richesse culturelle et le patrimoine immat\u00e9riel du Maroc, annonce sa 17\u00e8me \u00e9dition, qui sera organis\u00e9e par la Fondation Almouggar, du 26 au 30 juin 2024 sous le Haut Patronage de Sa Majest\u00e9 <a href=\"https:\/\/www.google.com\/search?q=mohamed+6&amp;oq=mohamed+6&amp;gs_lcrp=EgZjaHJvbWUqBwgAEAAYjwIyBwgAEAAYjwIyBwgBEC4YgAQyBwgCEAAYgAQyCQgDEC4YChiABDIHCAQQABiABDIJCAUQABgKGIAEMgcIBhAAGIAEMgcIBxAAGIAEMgkICBAAGAoYgAQyBwgJEAAYgATSAQg1MjUwajBqN6gCALACAA&amp;sourceid=chrome&amp;ie=UTF-8\">Le Roi<\/a>, que Dieu L\u2019Assiste , sous le th\u00e8me \u00ab\u00a020 ans de sauvegarde et de d\u00e9veloppement humain\u00a0\u00bb. Cet \u00e9v\u00e9nement prestigieux, inscrit par l&rsquo;UNESCO en 2008 sur la Liste repr\u00e9sentative du patrimoine culturel immat\u00e9riel de l\u2019Humanit\u00e9, comm\u00e9more \u00e9galement son 20\u00e8me anniversaire cette ann\u00e9e, apr\u00e8s sa reprise en 2004 sur Hautes Instructions Royales.<\/h2>\n<p><strong>Le Moussem de Tan-Tan est un \u00e9v\u00e9nement culturel majeur qui c\u00e9l\u00e8bre les traditions nomades et la culture hassani. Il rev\u00eat une grande importance en tant que rassemblement o\u00f9 plus d\u2019une trentaine de tribus nomades se rencontrent, \u00e9changent, et pr\u00e9servent leur patrimoine culturel, notamment \u00e0 travers la musique, la danse, l&rsquo;artisanat et les rites traditionnels. <\/strong><br \/>\n<strong>Le programme pour cette 17\u00e9me \u00e9dition, qui promet d&rsquo;\u00eatre riche et vari\u00e9, offrira une exp\u00e9rience immersive de la culture nomade. Des spectacles traditionnels captivants, des soir\u00e9es de po\u00e9sie, des d\u00e9monstrationsd&rsquo;artisanat authentique, des Tbouridas, des courses de dromadaires et des expositions patrimoniales sont pr\u00e9vus tout au long de l&rsquo;\u00e9v\u00e9nement, mettant en lumi\u00e8re l&rsquo;h\u00e9ritage vivant de la R\u00e9gion. Il est pr\u00e9vu \u00e9galement des concours de tires de lait de chamelles, de jeux populaires traditionnels ainsi que des sc\u00e8nes musicales in\u00e9dites mettant en vedette des artistes renomm\u00e9s \u00e0 l&rsquo;\u00e9chelle nationale et internationale ainsi que des talents locaux qui ajoutent une dimension festive \u00e0 l&rsquo;\u00e9v\u00e9nement.<\/strong><br \/>\n<strong>Dans le cadre de cet \u00e9v\u00e9nement, une conf\u00e9rence unique r\u00e9unissant des experts, des chercheurs et des passionn\u00e9s, sera organis\u00e9e, alliant les \u00e9l\u00e9ments patrimoniaux et les dimensions \u00e9conomiques. Une rencontre in\u00e9dite o\u00f9 d\u00e9veloppement culturel, profondeur africaine de la culture hassani et perspectives d\u2019investissement dans la R\u00e9gion se conjuguent.<\/strong><br \/>\n<strong>Depuis sept ann\u00e9es cons\u00e9cutives, le Moussem de Tan-Tan accueillera, \u00e0 l\u2019instar des \u00e9ditions pr\u00e9c\u00e9dentes, les Emirats Arabes Unis comme partenaires, renfor\u00e7ant ainsi les liens de collaboration et d&rsquo;\u00e9change culturel qui caract\u00e9risent cet \u00e9v\u00e9nement embl\u00e9matique, et consolidant les liens de fraternit\u00e9 avec le Maroc.<\/strong><br \/>\n<strong>Le Moussem de Tan-Tan, patrimoine immat\u00e9riel de l\u2019Humanit\u00e9,s&rsquo;annonce comme un rendez-vous incontournable, alliant traditions s\u00e9culaires, authenticit\u00e9, diversit\u00e9 culturelle et c\u00e9l\u00e9bration des arts.<\/strong><\/p>\n","protected":false},"excerpt":{"rendered":"<p>Le Moussem de Tan-Tan, \u00e9v\u00e9nement phare c\u00e9l\u00e9brant la richesse culturelle et le patrimoine immat\u00e9riel du Maroc, annonce sa 17\u00e8me \u00e9dition, qui sera organis\u00e9e par la Fondation Almouggar, du 26 au 30 juin 2024 sous le Haut Patronage de Sa Majest\u00e9 Le Roi, que Dieu L\u2019Assiste , sous le th\u00e8me \u00ab\u00a020 ans de sauvegarde et de [&hellip;]<\/p>\n","protected":false},"author":2,"featured_media":43020,"comment_status":"open","ping_status":"open","sticky":false,"template":"","format":"standard","meta":[],"categories":[9442,31,54],"tags":[14372,3960],"yst_prominent_words":[583,263,261,694,257,2853,1716,69,255],"jetpack_featured_media_url":"https:\/\/le12.ma\/fr\/wp-content\/uploads\/2024\/06\/d49b415c-4c5f-401c-a481-0a4bde26d442.jpg","_links":{"self":[{"href":"https:\/\/le12.ma\/fr\/wp-json\/wp\/v2\/posts\/43018"}],"collection":[{"href":"https:\/\/le12.ma\/fr\/wp-json\/wp\/v2\/posts"}],"about":[{"href":"https:\/\/le12.ma\/fr\/wp-json\/wp\/v2\/types\/post"}],"author":[{"embeddable":true,"href":"https:\/\/le12.ma\/fr\/wp-json\/wp\/v2\/users\/2"}],"replies":[{"embeddable":true,"href":"https:\/\/le12.ma\/fr\/wp-json\/wp\/v2\/comments?post=43018"}],"version-history":[{"count":1,"href":"https:\/\/le12.ma\/fr\/wp-json\/wp\/v2\/posts\/43018\/revisions"}],"predecessor-version":[{"id":43021,"href":"https:\/\/le12.ma\/fr\/wp-json\/wp\/v2\/posts\/43018\/revisions\/43021"}],"wp:featuredmedia":[{"embeddable":true,"href":"https:\/\/le12.ma\/fr\/wp-json\/wp\/v2\/media\/43020"}],"wp:attachment":[{"href":"https:\/\/le12.ma\/fr\/wp-json\/wp\/v2\/media?parent=43018"}],"wp:term":[{"taxonomy":"category","embeddable":true,"href":"https:\/\/le12.ma\/fr\/wp-json\/wp\/v2\/categories?post=43018"},{"taxonomy":"post_tag","embeddable":true,"href":"https:\/\/le12.ma\/fr\/wp-json\/wp\/v2\/tags?post=43018"},{"taxonomy":"yst_prominent_words","embeddable":true,"href":"https:\/\/le12.ma\/fr\/wp-json\/wp\/v2\/yst_prominent_words?post=43018"}],"curies":[{"name":"wp","href":"https:\/\/api.w.org\/{rel}","templated":true}]}}