{"id":42725,"date":"2024-05-23T15:48:20","date_gmt":"2024-05-23T14:48:20","guid":{"rendered":"https:\/\/le12.ma\/fr\/?p=42725"},"modified":"2024-05-23T15:40:46","modified_gmt":"2024-05-23T14:40:46","slug":"le-festival-international-dequitation-mata-une-tradition-ancestrale-jalousement-gardee","status":"publish","type":"post","link":"https:\/\/le12.ma\/fr\/le-festival-international-dequitation-mata-une-tradition-ancestrale-jalousement-gardee\/","title":{"rendered":"Le Festival international d&rsquo;\u00e9quitation Mata, une tradition ancestrale jalousement gard\u00e9e"},"content":{"rendered":"<h2><strong>Le nord du Royaume est associ\u00e9 \u00e0 une <a href=\"https:\/\/www.mapnews.ma\/fr\/\">tradition<\/a> \u00e9questre qui ne manque pas d&rsquo;originalit\u00e9. Le village Znyed, de la commune de Larbaa Ayacha, province de Larache a abrit\u00e9, les 18 et 19 mai 2024, le <a href=\"https:\/\/le12.ma\/fr\/le-festival-des-musiques-sacrees-de-fes-une-plateforme-mondiale-au-service-du-dialogue-interculturel\/\">Festival<\/a> international d&rsquo;\u00e9quitation de Mata.<\/strong><\/h2>\n<p><strong>Plac\u00e9 sous le Haut Patronage de SM le Roi Mohammed VI, ce rendez-vous c\u00e9l\u00e8bre une tradition culturelle ancestrale inscrite dans la liste du patrimoine de l&rsquo;ISESCO.<\/strong><\/p>\n<p><img decoding=\"async\" loading=\"lazy\" class=\"alignnone size-full wp-image-42726\" src=\"https:\/\/le12.ma\/fr\/wp-content\/uploads\/2024\/05\/WhatsApp-Image-2024-05-23-at-15.18.22.jpeg\" alt=\"\" width=\"961\" height=\"705\" srcset=\"https:\/\/le12.ma\/fr\/wp-content\/uploads\/2024\/05\/WhatsApp-Image-2024-05-23-at-15.18.22.jpeg 961w, https:\/\/le12.ma\/fr\/wp-content\/uploads\/2024\/05\/WhatsApp-Image-2024-05-23-at-15.18.22-300x220.jpeg 300w, https:\/\/le12.ma\/fr\/wp-content\/uploads\/2024\/05\/WhatsApp-Image-2024-05-23-at-15.18.22-768x563.jpeg 768w\" sizes=\"(max-width: 961px) 100vw, 961px\" \/><\/p>\n<p><strong>Lors de la c\u00e9r\u00e9monie d&rsquo;ouverture, M. Nabil Baraka, pr\u00e9sident du festival international d&rsquo;\u00e9quitation Mata a soulign\u00e9 que cette cons\u00e9cration internationale s&rsquo;est concr\u00e9tis\u00e9e gr\u00e2ce au grand int\u00e9r\u00eat port\u00e9 par SM le Roi au patrimoine immat\u00e9riel national, en rappelant des passages du message Royal adress\u00e9 aux participants \u00e0 la 17e session du Comit\u00e9 intergouvernemental de L&rsquo;UNESCO pour la sauvegarde du patrimoine culturel immat\u00e9riel. Dans ce message, le Souverain rappelle que \u00ab\u00a0la culture n\u2019est pas seulement l\u2019expression d\u2019un g\u00e9nie cr\u00e9ateur. Elle est aussi le reflet des dynamiques civilisationnelles qui l\u2019ont vue na\u00eetre. Elle est, plus encore, une n\u00e9cessit\u00e9 vitale de notre quotidien. Viatique pour l\u2019\u00e2me et l\u2019esprit, la culture tend une passerelle entre le pass\u00e9 et le pr\u00e9sent et permet d\u2019arrimer les individus \u00e0 leur environnement social\u00a0\u00bb<\/strong><\/p>\n<p><strong>Pour sa part, Mme Nabila Baraka, pr\u00e9sidente de l\u2019Association \u00ab\u00a0Alamia Laaroussia pour l\u2019action sociale et culturelle\u00a0\u00bb , n&rsquo;a pas manqu\u00e9 de rappeler que le festival Mata tient lieu dans un contexte caract\u00e9ris\u00e9 par le grand et riche d\u00e9bat autour de la r\u00e9forme de la \u00ab\u00a0Moudawana\u00a0\u00bb (Code de la famille) qui consacre le r\u00f4le de la femme marocaine qui \u00e9tait et restera active au sein de la soci\u00e9t\u00e9; en soulignant l&rsquo;apport central des femmes dans les tribus Jebela dans la c\u00e9l\u00e9bration de cet h\u00e9ritage marocain ancestral.<\/strong><\/p>\n<p><img decoding=\"async\" loading=\"lazy\" class=\"alignnone size-full wp-image-42727\" src=\"https:\/\/le12.ma\/fr\/wp-content\/uploads\/2024\/05\/WhatsApp-Image-2024-05-23-at-15.18.222.jpeg\" alt=\"\" width=\"1080\" height=\"710\" srcset=\"https:\/\/le12.ma\/fr\/wp-content\/uploads\/2024\/05\/WhatsApp-Image-2024-05-23-at-15.18.222.jpeg 1080w, https:\/\/le12.ma\/fr\/wp-content\/uploads\/2024\/05\/WhatsApp-Image-2024-05-23-at-15.18.222-300x197.jpeg 300w, https:\/\/le12.ma\/fr\/wp-content\/uploads\/2024\/05\/WhatsApp-Image-2024-05-23-at-15.18.222-1024x673.jpeg 1024w, https:\/\/le12.ma\/fr\/wp-content\/uploads\/2024\/05\/WhatsApp-Image-2024-05-23-at-15.18.222-768x505.jpeg 768w\" sizes=\"(max-width: 1080px) 100vw, 1080px\" \/><\/p>\n<p><strong>Particularit\u00e9 de cette \u00e9dition, une programmation riche en comp\u00e9titions et performances de chevaux et cavaliers Mata, en plus de l\u2019organisation d\u2019une conf\u00e9rence internationale sous le th\u00e8me \u00ab\u00a0Mata, espace d\u2019\u00e9change culturel de l\u2019humanit\u00e9 \u00bb, anim\u00e9e par des chercheurs de divers organismes internationaux et nationaux, pour c\u00e9l\u00e9brer un h\u00e9ritage devenu un vecteur de dialogue entre les cultures et les civilisations \u00e0 travers le monde.<\/strong><\/p>\n<p><strong>Ce festival \u00e9questre international a, d&rsquo;autre part, \u00e9t\u00e9 marqu\u00e9 par des spectacles de l\u2019art populaire traditionnel Taktouka Jabalia et de la danse Hassada, un ballet c\u00e9l\u00e9brant la fin des moissons, ainsi que par l\u2019inauguration d\u2019une exposition des produits de l\u2019artisanat et du terroir, en plus d\u2019un d\u00e9fil\u00e9 des \u00e9quipes participant \u00e0 la comp\u00e9tition.<\/strong><\/p>\n<p><strong>Autre sp\u00e9cificit\u00e9 de cette manifestation culturelle, les invit\u00e9s et le public des grands jours ont assist\u00e9 a une tradition jalousement pr\u00e9serv\u00e9e par les tribus de Bni Arous et les r\u00e8gles du jeu scrupuleusement respect\u00e9es. Apr\u00e8s le criblage des champs de bl\u00e9, au village Znyed, puis dans d\u2019autres, de jeunes filles et femmes de la tribu accompagnent les cavaliers de leurs chants, de leurs youyous et de leurs fameux \u00ab\u00a0\u00e2you\u00e2 \u00a0\u00bb au son des ghaitas et des tambours sp\u00e9cifiques a la r\u00e9gion. Ce sont ces m\u00eames femmes qui fabriquent, \u00e0 l\u2019aide de roseaux et de tissus, la poup\u00e9e que vont se disputer les plus braves cavaliers du pays Jebala, r\u00e9gion o\u00f9 l\u2019art de monter les chevaux, de les \u00e9lever et de les dresser est une forte sp\u00e9cificit\u00e9 culturelle. Les cavaliers qui participent au jeu \u201cMata\u201d doivent monter \u00e0 cru, habill\u00e9s de jellabas et de turbans ancestraux. Selon la tradition orale, le vainqueur du jeu \u201cMata\u201d est celui qui, usant de son adresse et de sa hardiesse, saura arracher la poup\u00e9e aux autres cavaliers et l\u2019emporter au loin.<\/strong><\/p>\n<p><strong>A noter que la c\u00e9r\u00e9monie d\u2019ouverture s&rsquo;est illustr\u00e9e par la pr\u00e9sence de personnalit\u00e9s \u00e9minentes, notamment la ministre de la Solidarit\u00e9, de l\u2019insertion sociale et de la famille, Aawatif Hayar, le wali de la r\u00e9gion Tanger-T\u00e9touan-Al Hoce\u00efma, Younes Tazi, le gouverneur de la province de Larache, Bouassam El Alamine, ainsi que des repr\u00e9sentants de d\u00e9l\u00e9gations diplomatiques \u00e0 Rabat.<\/strong><\/p>\n<p><strong>Le festival a connu, par ailleurs, la participation de d\u00e9l\u00e9gations repr\u00e9sentant plusieurs pays, tels que l\u2019Espagne, la France, la Belgique, la Chine, ainsi que certains pays africains qui ont pris part \u00e0 l\u2019\u00e9v\u00e9nement \u00abTente Mata pour le dialogue des cultures et des civilisations\u00bb.<\/strong><br \/>\n<strong>Pour rappel, le Festival international d&rsquo;\u00e9quitation de Mata c\u00e9l\u00e8bre une culture ancestrale bien ancr\u00e9e et par laquelle s\u2018expriment le sens de l\u2019honneur r\u00e9habilit\u00e9, la foi enracin\u00e9e, le patriotisme comme \u00e9cole soufie et les valeurs spirituelles et universelles. C&rsquo;est tout l\u2019h\u00e9ritage humaniste l\u00e9gu\u00e9 par le grand Qotb Moulay Abdeslam Ibn Machich aux Chorfas Alamiyines, \u00e0 la Tarika Machichiya Chadhiliya et aux habitants de cette partie du territoire national, tr\u00e8s attach\u00e9e \u00e0 l&rsquo;identit\u00e9 marocaine, riche et plurielle.<\/strong><\/p>\n","protected":false},"excerpt":{"rendered":"<p>Le nord du Royaume est associ\u00e9 \u00e0 une tradition \u00e9questre qui ne manque pas d&rsquo;originalit\u00e9. Le village Znyed, de la commune de Larbaa Ayacha, province de Larache a abrit\u00e9, les 18 et 19 mai 2024, le Festival international d&rsquo;\u00e9quitation de Mata. Plac\u00e9 sous le Haut Patronage de SM le Roi Mohammed VI, ce rendez-vous c\u00e9l\u00e8bre [&hellip;]<\/p>\n","protected":false},"author":2,"featured_media":42728,"comment_status":"open","ping_status":"open","sticky":false,"template":"","format":"standard","meta":[],"categories":[26,31,54,24],"tags":[12547,14232],"yst_prominent_words":[583,261,457,181,255,1512],"jetpack_featured_media_url":"https:\/\/le12.ma\/fr\/wp-content\/uploads\/2024\/05\/WhatsApp-Image-2024-05-23-at-15.18.221.jpeg","_links":{"self":[{"href":"https:\/\/le12.ma\/fr\/wp-json\/wp\/v2\/posts\/42725"}],"collection":[{"href":"https:\/\/le12.ma\/fr\/wp-json\/wp\/v2\/posts"}],"about":[{"href":"https:\/\/le12.ma\/fr\/wp-json\/wp\/v2\/types\/post"}],"author":[{"embeddable":true,"href":"https:\/\/le12.ma\/fr\/wp-json\/wp\/v2\/users\/2"}],"replies":[{"embeddable":true,"href":"https:\/\/le12.ma\/fr\/wp-json\/wp\/v2\/comments?post=42725"}],"version-history":[{"count":3,"href":"https:\/\/le12.ma\/fr\/wp-json\/wp\/v2\/posts\/42725\/revisions"}],"predecessor-version":[{"id":42731,"href":"https:\/\/le12.ma\/fr\/wp-json\/wp\/v2\/posts\/42725\/revisions\/42731"}],"wp:featuredmedia":[{"embeddable":true,"href":"https:\/\/le12.ma\/fr\/wp-json\/wp\/v2\/media\/42728"}],"wp:attachment":[{"href":"https:\/\/le12.ma\/fr\/wp-json\/wp\/v2\/media?parent=42725"}],"wp:term":[{"taxonomy":"category","embeddable":true,"href":"https:\/\/le12.ma\/fr\/wp-json\/wp\/v2\/categories?post=42725"},{"taxonomy":"post_tag","embeddable":true,"href":"https:\/\/le12.ma\/fr\/wp-json\/wp\/v2\/tags?post=42725"},{"taxonomy":"yst_prominent_words","embeddable":true,"href":"https:\/\/le12.ma\/fr\/wp-json\/wp\/v2\/yst_prominent_words?post=42725"}],"curies":[{"name":"wp","href":"https:\/\/api.w.org\/{rel}","templated":true}]}}