{"id":42685,"date":"2024-05-23T09:43:49","date_gmt":"2024-05-23T08:43:49","guid":{"rendered":"https:\/\/le12.ma\/fr\/?p=42685"},"modified":"2024-05-23T10:12:16","modified_gmt":"2024-05-23T09:12:16","slug":"le-caftan-marocain-brille-de-mille-feux-a-la-semaine-africaine-de-lunesco","status":"publish","type":"post","link":"https:\/\/le12.ma\/fr\/le-caftan-marocain-brille-de-mille-feux-a-la-semaine-africaine-de-lunesco\/","title":{"rendered":"Le caftan marocain brille de mille feux \u00e0 la Semaine africaine de l\u2019UNESCO"},"content":{"rendered":"<h2><strong>Le <a href=\"https:\/\/le12.ma\/fr\/femmes-feminin-du-maroc-annonce-le-retour-de-levenement-caftan-2024-a-marrakech\/\">caftan<\/a> marocain a \u00e9t\u00e9 en vedette lors d\u2019un d\u00e9fil\u00e9 de mode africaine, organis\u00e9, mercredi soir \u00e0 Paris, dans le cadre de la Semaine africaine de l\u2019Organisation des Nations unies pour l\u2019\u00e9ducation, la science et la culture (UNESCO).<\/strong><\/h2>\n<p><strong>Le caftan, habit traditionnel qui constitue une <a href=\"https:\/\/www.medi1news.com\/fr\/article\/318065.html\">expression<\/a> vivante de l&rsquo;identit\u00e9 marocaine et la d\u00e9monstration la plus \u00e9loquente de la dext\u00e9rit\u00e9 et du savoir-faire ancestral des ma\u00e2llem marocains, a \u00e9merveill\u00e9 par sa beaut\u00e9, sa finesse et son glamour une assistance nombreuse compos\u00e9e de diplomates dont l\u2019ambassadeur, repr\u00e9sentant permanent du Royaume aupr\u00e8s de l\u2019UNESCO, Samir Addahre, d\u2019artistes, de designers, de personnalit\u00e9s internationales et de journalistes.<\/strong><\/p>\n<p><strong>Apr\u00e8s le d\u00e9fil\u00e9 du Mali, qui a ouvert l\u2019\u00e9v\u00e9nement, le caftan marocain dans ses diff\u00e9rentes expressions a pris le relais sous les applaudissements et les youyous d\u2019une assistance compl\u00e8tement acquise.<\/strong><\/p>\n<p><strong>Les mannequins, habill\u00e9es par la styliste marocaine Nissrine Zaki, ont transport\u00e9 le public dans un voyage \u00e0 travers les temps, d\u2019un v\u00eatement traditionnel qui constitue un patrimoine vivant national, transcendant les \u00e9poques tout en pr\u00e9servant son cachet authentique.<\/strong><\/p>\n<p><strong>Dans une d\u00e9claration \u00e0 la MAP, Nissrine Zaki s\u2019est dite honor\u00e9e de repr\u00e9senter le Maroc \u00e0 cet \u00e9v\u00e9nement de l&rsquo;UNESCO. \u00ab\u00a0C\u2019est un d\u00e9fil\u00e9 tr\u00e8s important parce qu&rsquo;on est ici pour d\u00e9fendre notre patrimoine et notre h\u00e9ritage qui est le caftan marocain\u00a0\u00bb, a-t-elle dit.<\/strong><\/p>\n<p><strong>Sa collection offre \u00e0 voir un mariage sublime entre caftans modernes et anciens dont certains vieux de pr\u00e8s de 100 ans, a pr\u00e9cis\u00e9 la styliste, ajoutant que l\u2019un des caftans pr\u00e9sent\u00e9s au public lors de ce d\u00e9fil\u00e9 est compl\u00e8tement tiss\u00e9 en or, et s&rsquo;h\u00e9rite de g\u00e9n\u00e9ration en g\u00e9n\u00e9ration.<\/strong><\/p>\n<p><strong>Le d\u00e9fil\u00e9 repr\u00e9sente aussi les diff\u00e9rentes r\u00e9gions du Royaume avec leurs plus beaux bijoux authentiques, a poursuivi Nissrine Zaki, ajoutant que ce spectacle haut en couleurs est une histoire qui se raconte du d\u00e9but \u00e0 la fin.<\/strong><\/p>\n<p><strong>\u00ab\u00a0On est parti de l\u2019\u00e9poque des M\u00e9rinides, qui constitue l&rsquo;apog\u00e9e du caftan marocain, pour en arriver au jour d&rsquo;aujourd&rsquo;hui, afin de montrer comment les Marocains ont su prot\u00e9ger leur patrimoine et pr\u00e9server cette beaut\u00e9 authentique et traditionnelle qui a \u00e9volu\u00e9 \u00e0 travers le temps tout en gardant son authenticit\u00e9\u00a0\u00bb, a-t-elle expliqu\u00e9.<\/strong><\/p>\n<p><strong>Pour sa part, Abderrahim Zemzami, pr\u00e9sident de la Chambre de l&rsquo;artisanat de la r\u00e9gion de Rabat-Sal\u00e9-K\u00e9nitra, a soulign\u00e9 dans une d\u00e9claration \u00e0 la MAP que ce d\u00e9fil\u00e9 \u00e0 la Maison de l\u2019Unesco constitue le couronnement d\u2019une s\u00e9rie d\u2019\u00e9v\u00e9nements et de rencontres organis\u00e9s par la Chambre notamment aupr\u00e8s des artisans pour les sensibiliser \u00e0 l\u2019importance de leur r\u00f4le dans la pr\u00e9servation du patrimoine marocain.<\/strong><\/p>\n<p><strong>Le d\u00e9fil\u00e9 de ce jour a pour objectifs notamment de faire conna\u00eetre davantage ce patrimoine et r\u00e9affirmer que le caftan marocain ou encore le Zellij, la poterie slaouie ou le tapis zemmouri appartiennent au patrimoine marocain, sont prot\u00e9g\u00e9s par un certain nombre de conventions de l\u2019UNESCO et que les Marocains sont mobilis\u00e9s pour les pr\u00e9server face aux tentatives d\u2019appropriation de certains Etats.<\/strong><\/p>\n<p><strong>Organis\u00e9e du 22 au 24 courant, l\u2019\u00e9dition 2024 de la Semaine africaine de l\u2019UNESCO est marqu\u00e9e par une programmation \u00e9clectique comprenant notamment des expositions, des ateliers pour jeunes apprenants, des conf\u00e9rences et des d\u00e9bats, des animations artistiques et des d\u00e9gustations de mets typiques africains.<\/strong><\/p>\n<p><strong>La c\u00e9r\u00e9monie d\u2019ouverture de cette Semaine a \u00e9t\u00e9 rythm\u00e9e par la musique marocaine daqqa marrakchia et Reggada en pr\u00e9sence notamment de Mohamed Mehdi Bensaid, ministre de la Jeunesse, de la Culture et de la Communication, invit\u00e9 d\u2019honneur de cet \u00e9v\u00e9nement, de l\u2019ambassadeur, repr\u00e9sentant permanent du Royaume aupr\u00e8s de l\u2019UNESCO, Samir Addahre, et de l\u2019ambassadeure de SM le Roi \u00e0 Paris, Samira Sita\u00efl, aux c\u00f4t\u00e9s de ministres africains, d&rsquo;ambassadeurs et de hauts responsables de l\u2019organisation onusienne.<\/strong><\/p>\n<p>&nbsp;<\/p>\n","protected":false},"excerpt":{"rendered":"<p>Le caftan marocain a \u00e9t\u00e9 en vedette lors d\u2019un d\u00e9fil\u00e9 de mode africaine, organis\u00e9, mercredi soir \u00e0 Paris, dans le cadre de la Semaine africaine de l\u2019Organisation des Nations unies pour l\u2019\u00e9ducation, la science et la culture (UNESCO). Le caftan, habit traditionnel qui constitue une expression vivante de l&rsquo;identit\u00e9 marocaine et la d\u00e9monstration la plus [&hellip;]<\/p>\n","protected":false},"author":2,"featured_media":42686,"comment_status":"open","ping_status":"open","sticky":false,"template":"","format":"standard","meta":[],"categories":[26,31,54,24],"tags":[10922,14209,8853,14210],"yst_prominent_words":[2690],"jetpack_featured_media_url":"https:\/\/le12.ma\/fr\/wp-content\/uploads\/2024\/05\/caftan.jpg","_links":{"self":[{"href":"https:\/\/le12.ma\/fr\/wp-json\/wp\/v2\/posts\/42685"}],"collection":[{"href":"https:\/\/le12.ma\/fr\/wp-json\/wp\/v2\/posts"}],"about":[{"href":"https:\/\/le12.ma\/fr\/wp-json\/wp\/v2\/types\/post"}],"author":[{"embeddable":true,"href":"https:\/\/le12.ma\/fr\/wp-json\/wp\/v2\/users\/2"}],"replies":[{"embeddable":true,"href":"https:\/\/le12.ma\/fr\/wp-json\/wp\/v2\/comments?post=42685"}],"version-history":[{"count":1,"href":"https:\/\/le12.ma\/fr\/wp-json\/wp\/v2\/posts\/42685\/revisions"}],"predecessor-version":[{"id":42687,"href":"https:\/\/le12.ma\/fr\/wp-json\/wp\/v2\/posts\/42685\/revisions\/42687"}],"wp:featuredmedia":[{"embeddable":true,"href":"https:\/\/le12.ma\/fr\/wp-json\/wp\/v2\/media\/42686"}],"wp:attachment":[{"href":"https:\/\/le12.ma\/fr\/wp-json\/wp\/v2\/media?parent=42685"}],"wp:term":[{"taxonomy":"category","embeddable":true,"href":"https:\/\/le12.ma\/fr\/wp-json\/wp\/v2\/categories?post=42685"},{"taxonomy":"post_tag","embeddable":true,"href":"https:\/\/le12.ma\/fr\/wp-json\/wp\/v2\/tags?post=42685"},{"taxonomy":"yst_prominent_words","embeddable":true,"href":"https:\/\/le12.ma\/fr\/wp-json\/wp\/v2\/yst_prominent_words?post=42685"}],"curies":[{"name":"wp","href":"https:\/\/api.w.org\/{rel}","templated":true}]}}