{"id":42551,"date":"2024-05-20T10:02:43","date_gmt":"2024-05-20T09:02:43","guid":{"rendered":"https:\/\/le12.ma\/fr\/?p=42551"},"modified":"2024-05-20T10:02:43","modified_gmt":"2024-05-20T09:02:43","slug":"plus-de-316-000-personnes-ont-visite-le-siel-a-rabat","status":"publish","type":"post","link":"https:\/\/le12.ma\/fr\/plus-de-316-000-personnes-ont-visite-le-siel-a-rabat\/","title":{"rendered":"Plus de 316.000 personnes ont visit\u00e9 le SIEL \u00e0 Rabat"},"content":{"rendered":"<h2><strong>Le <a href=\"https:\/\/www.medi1news.com\/fr\/article\/317688.html\">nombre<\/a> de visiteurs de la 29\u00e8me \u00e9dition du Salon international de l&rsquo;\u00e9dition et du livre (SIEL), cl\u00f4tur\u00e9e dimanche soir \u00e0 Rabat, a d\u00e9pass\u00e9 les 316.000, a indiqu\u00e9 le minist\u00e8re de la Jeunesse, de la culture et de la Communication.<\/strong><\/h2>\n<p><strong>Cette <a href=\"https:\/\/le12.ma\/fr\/siel-2024-hommage-posthume-au-choregraphe-lahcen-zinoun\/\">\u00e9dition<\/a> a connu \u00ab\u00a0une affluence massive de visiteurs, avec un nombre total ayant d\u00e9pass\u00e9 les 316.000, soit une augmentation de 32%\u00a0\u00bb par rapport \u00e0 l&rsquo;\u00e9dition pr\u00e9c\u00e9dente, pr\u00e9cise le minist\u00e8re dans un communiqu\u00e9.<\/strong><\/p>\n<p><strong>Selon la m\u00eame source, cette \u00e9dition a marqu\u00e9 \u00ab\u00a0une nouvelle \u00e9tape dans l&rsquo;histoire de ce grand \u00e9v\u00e9nement culturel, d\u00e9montrant \u00e0 chaque \u00e9dition la valeur et l&rsquo;utilit\u00e9 des efforts d\u00e9ploy\u00e9s pour rapprocher le livre des citoyens.\u00a0\u00bb<\/strong><\/p>\n<p><strong>Organis\u00e9e sous le Haut Patronage de Sa Majest\u00e9 le Roi Mohammed VI par le minist\u00e8re de la Jeunesse, de la Culture et de la Communication, la 29\u00e8me \u00e9dition du SIEL a connu la participation de 743 exposants de 48 pays, pr\u00e9sentant une offre documentaire vari\u00e9e de pr\u00e8s de 100.000 titres dans divers domaines de connaissance.<\/strong><\/p>\n<p><strong>L&rsquo;Organisation des Nations unies pour l&rsquo;\u00e9ducation, la science et la culture (UNESCO) a \u00e9t\u00e9 l\u2019invit\u00e9e d\u2019honneur de cette \u00e9dition, initi\u00e9e en partenariat avec la Wilaya de la r\u00e9gion de Rabat-Sal\u00e9-K\u00e9nitra, le Conseil de la r\u00e9gion de Rabat-Sal\u00e9-K\u00e9nitra et la Commune de Rabat.<\/strong><\/p>\n","protected":false},"excerpt":{"rendered":"<p>Le nombre de visiteurs de la 29\u00e8me \u00e9dition du Salon international de l&rsquo;\u00e9dition et du livre (SIEL), cl\u00f4tur\u00e9e dimanche soir \u00e0 Rabat, a d\u00e9pass\u00e9 les 316.000, a indiqu\u00e9 le minist\u00e8re de la Jeunesse, de la culture et de la Communication. Cette \u00e9dition a connu \u00ab\u00a0une affluence massive de visiteurs, avec un nombre total ayant d\u00e9pass\u00e9 [&hellip;]<\/p>\n","protected":false},"author":2,"featured_media":42456,"comment_status":"open","ping_status":"open","sticky":false,"template":"","format":"standard","meta":[],"categories":[26,31,54,24],"tags":[7796,9550,9802,14129],"yst_prominent_words":[583,257,3716,1003,148,568,299],"jetpack_featured_media_url":"https:\/\/le12.ma\/fr\/wp-content\/uploads\/2024\/05\/siem.jpg","_links":{"self":[{"href":"https:\/\/le12.ma\/fr\/wp-json\/wp\/v2\/posts\/42551"}],"collection":[{"href":"https:\/\/le12.ma\/fr\/wp-json\/wp\/v2\/posts"}],"about":[{"href":"https:\/\/le12.ma\/fr\/wp-json\/wp\/v2\/types\/post"}],"author":[{"embeddable":true,"href":"https:\/\/le12.ma\/fr\/wp-json\/wp\/v2\/users\/2"}],"replies":[{"embeddable":true,"href":"https:\/\/le12.ma\/fr\/wp-json\/wp\/v2\/comments?post=42551"}],"version-history":[{"count":1,"href":"https:\/\/le12.ma\/fr\/wp-json\/wp\/v2\/posts\/42551\/revisions"}],"predecessor-version":[{"id":42552,"href":"https:\/\/le12.ma\/fr\/wp-json\/wp\/v2\/posts\/42551\/revisions\/42552"}],"wp:featuredmedia":[{"embeddable":true,"href":"https:\/\/le12.ma\/fr\/wp-json\/wp\/v2\/media\/42456"}],"wp:attachment":[{"href":"https:\/\/le12.ma\/fr\/wp-json\/wp\/v2\/media?parent=42551"}],"wp:term":[{"taxonomy":"category","embeddable":true,"href":"https:\/\/le12.ma\/fr\/wp-json\/wp\/v2\/categories?post=42551"},{"taxonomy":"post_tag","embeddable":true,"href":"https:\/\/le12.ma\/fr\/wp-json\/wp\/v2\/tags?post=42551"},{"taxonomy":"yst_prominent_words","embeddable":true,"href":"https:\/\/le12.ma\/fr\/wp-json\/wp\/v2\/yst_prominent_words?post=42551"}],"curies":[{"name":"wp","href":"https:\/\/api.w.org\/{rel}","templated":true}]}}