{"id":42508,"date":"2024-05-17T21:32:20","date_gmt":"2024-05-17T20:32:20","guid":{"rendered":"https:\/\/le12.ma\/fr\/?p=42508"},"modified":"2024-05-17T21:32:20","modified_gmt":"2024-05-17T20:32:20","slug":"rabat-franc-succes-de-la-semaine-culturelle-coreenne-2024","status":"publish","type":"post","link":"https:\/\/le12.ma\/fr\/rabat-franc-succes-de-la-semaine-culturelle-coreenne-2024\/","title":{"rendered":"Rabat. Franc succ\u00e8s de la semaine culturelle cor\u00e9enne 2024"},"content":{"rendered":"<p class=\"p1\">\n<h2 class=\"p1\"><em><strong><span class=\"s1\">L&rsquo;Ambassade de la R\u00e9publique de Cor\u00e9e au Maroc a r\u00e9cemment<span class=\"Apple-converted-space\">\u00a0 <\/span>organis\u00e9, au cin\u00e9ma la Renaissance \u00e0 Rabat, la semaine culturelle 2024. <\/span><\/strong><\/em><\/h2>\n<p class=\"p1\"><strong><span class=\"s1\">Le public de la capitale et des autres villes du Royaume a eu l&rsquo;occasion de d\u00e9couvrir la richesse et la diversit\u00e9 culturelle et artistique cor\u00e9enne.<\/span><\/strong><\/p>\n<p class=\"p1\"><strong><span class=\"s1\">Les organisateurs de cet \u00e9v\u00e9nement exceptionnel ont concoct\u00e9 un programme qui a permis<span class=\"Apple-converted-space\">\u00a0 <\/span>au public la possibilit\u00e9 de d\u00e9couvrir l&rsquo;h\u00e9ritage culturel de ce grand pays d&rsquo;Asie.<\/span><\/strong><\/p>\n<p class=\"p1\"><strong><span class=\"s1\">Dans son allocution de bienvenue,<span class=\"Apple-converted-space\">\u00a0 <\/span>M. Yeonjean Yoon, ambassadeur de la R\u00e9publique de Cor\u00e9e a exprim\u00e9 son admiration pour le Maroc qu&rsquo;il vient de d\u00e9couvrir il y \u00e0 peine deux mois.<span class=\"Apple-converted-space\">\u00a0 <\/span>\u00ab\u00a0J&rsquo;ai \u00e9t\u00e9 agr\u00e9ablement surpris par l&rsquo;int\u00e9r\u00eat particulier qu&rsquo;accorde les Marocains \u00e0 la culture et \u00e0 la langue cor\u00e9enne, \u00a0\u00bb pr\u00e9cise-t-il en substance. L&rsquo;ambassadeur a \u00e9mis<span class=\"Apple-converted-space\">\u00a0 <\/span>le souhait que cette semaine culturelle puisse consituer l&rsquo;occasion pour<span class=\"Apple-converted-space\">\u00a0 <\/span>conna\u00eetre davantage la Cor\u00e9e et appr\u00e9cier sa culture. <\/span><\/strong><\/p>\n<p class=\"p1\"><strong><span class=\"s1\">En guise de conclusion, M. Yeonjean Yoon a rappel\u00e9 la tenue du sommet Cor\u00e9e-Afrique, les 4 et 5 juin prochains, en \u00e9mettant le souhait que ce grand rendez-vous soit une opportunit\u00e9 pour d\u00e9velopper davantage les relations maroco-cor\u00e9ennes,<\/span><\/strong><\/p>\n<p class=\"p1\"><strong><span class=\"s1\">En sa qualit\u00e9 d&rsquo;invit\u00e9 d&rsquo;honneur de cette \u00e9dition, Mme Fatiha El Moudni, maire de Rabat a indiqu\u00e9 que cette manifestation culturelle, consid\u00e9r\u00e9e comme un symbole d&rsquo;amiti\u00e9 maroco-cor\u00e9enne, contribuera in\u00e9luctablement \u00e0 consolider davantage les fortes relations entre deux deux pays qui se distinguent par la richesse et la diversit\u00e9 de leurs cultures et leurs traditions. La maire de Rabat a, par ailleurs, rappel\u00e9 les forts liens de coop\u00e9ration multisectorielle entre le Royaume du Maroc et la R\u00e9publique de Cor\u00e9e qui<span class=\"Apple-converted-space\">\u00a0 <\/span>constituent, ajoute-t-elle, un pont entre l&rsquo;est et l&rsquo;ouest. Sur le plan national, Mme El Moudni a mis en exergue la Vision Royale qui accorde un int\u00e9r\u00eat particulier \u00e0 la culture et son r\u00f4le dans le processus du d\u00e9veloppement durable. \u00ab\u00a0Une Vision, conclue-t-elle, qui vise<span class=\"Apple-converted-space\">\u00a0 <\/span>la consolidation de l&rsquo;identit\u00e9 culturelle nationale et l&rsquo;encouragement de l&rsquo;\u00e9change culturel international.\u00a0\u00bb <\/span><\/strong><\/p>\n<p class=\"p1\"><strong><span class=\"s1\">A noter que la c\u00e9r\u00e9monie d&rsquo;ouverture s&rsquo;est illustr\u00e9e par la danse cor\u00e9enne traditionnelle des \u00e9ventails \u00ab\u00a0Buch-Eep-chumm\u00a0\u00bb, ainsi qu&rsquo;une d\u00e9monstration du sport national le Taekwondo. La journ\u00e9e du samedi a \u00e9t\u00e9 consacr\u00e9e \u00e0 un concours de la langue cor\u00e9enne avec remise du grand prix, ainsi qu&rsquo;a des spectacles de<span class=\"Apple-converted-space\">\u00a0 <\/span>\u00ab\u00a0K-pop Random Play Dance\u00a0\u00bb<span class=\"Apple-converted-space\">\u00a0 <\/span>un style musical qui a suscit\u00e9 l&rsquo;admiration d&rsquo;un jeune public conquis.<\/span><\/strong><\/p>\n<p class=\"p1\"><strong><span class=\"s1\">Les visiteurs des lieux<span class=\"Apple-converted-space\">\u00a0 <\/span>ont pris part \u00e9galement \u00e0 une vari\u00e9t\u00e9 d&rsquo;activit\u00e9s culturelles<span class=\"Apple-converted-space\">\u00a0 <\/span>et culinaires organis\u00e9es par des membres de la communaut\u00e9 cor\u00e9enne install\u00e9es au Maroc.<\/span><\/strong><\/p>\n<p class=\"p1\"><strong><span class=\"s1\">Le septi\u00e8me art a \u00e9t\u00e9 aussi au menu de cette \u00e9dition. A cet \u00e9gard, il a \u00e9t\u00e9 proc\u00e9d\u00e9 \u00e0 la projection de deux films cor\u00e9ens sous-titr\u00e9s en fran\u00e7ais,<span class=\"Apple-converted-space\">\u00a0 <\/span>\u00ab\u00a0Extreme Job\u00a0\u00bb un film de com\u00e9die et d&rsquo;action de 2019<span class=\"Apple-converted-space\">\u00a0 <\/span>projet\u00e9 vendredi. C&rsquo;est un long-m\u00e9trage qui a eu un franc succ\u00e8s au<span class=\"Apple-converted-space\">\u00a0 <\/span>\u00ab\u00a0Box-Office\u00a0\u00bb cor\u00e9en avec plus de 10 millions de spectateurs.<span class=\"Apple-converted-space\">\u00a0 <\/span>\u00a0\u00bb Le long-m\u00e9trage<span class=\"Apple-converted-space\">\u00a0 <\/span>\u00ab\u00a0Escape from Mogadishu\u00a0\u00bb<span class=\"Apple-converted-space\">\u00a0 <\/span>a \u00e9t\u00e9<span class=\"Apple-converted-space\">\u00a0 <\/span>projet\u00e9 le samedi. Un film d&rsquo;action de 2021 qui a \u00e9t\u00e9 tourn\u00e9 \u00e0 la ville marocaine d&rsquo;Essaouira.<\/span><\/strong><\/p>\n<p class=\"p1\"><strong><span class=\"s1\">Dans un communiqu\u00e9 de l&rsquo;ambassade cor\u00e9enne on peut lire que<span class=\"Apple-converted-space\">\u00a0 <\/span>\u00ab\u00a0ces journ\u00e9es culturelles permettront au public marocain de d\u00e9couvrir en profondeur et de plus pr\u00e8s les diff\u00e9rents aspects de la Cor\u00e9e, ce qui contribuera, sans nul doute, \u00e0 raffermir davantage les liens d&rsquo;amiti\u00e9 entre les Peuples marocain et cor\u00e9en, ainsi que les relations solides tiss\u00e9es entre les deux pays depuis plus de 60 ans.\u00a0\u00bb<\/span><\/strong><\/p>\n<p class=\"p1\"><span style=\"color: #ff0000;\"><strong><span class=\"s1\">Driss Lyakoubi<\/span><\/strong><\/span><\/p>\n","protected":false},"excerpt":{"rendered":"<p>L&rsquo;Ambassade de la R\u00e9publique de Cor\u00e9e au Maroc a r\u00e9cemment\u00a0 organis\u00e9, au cin\u00e9ma la Renaissance \u00e0 Rabat, la semaine culturelle 2024. Le public de la capitale et des autres villes du Royaume a eu l&rsquo;occasion de d\u00e9couvrir la richesse et la diversit\u00e9 culturelle et artistique cor\u00e9enne. Les organisateurs de cet \u00e9v\u00e9nement exceptionnel ont concoct\u00e9 un [&hellip;]<\/p>\n","protected":false},"author":2,"featured_media":42509,"comment_status":"open","ping_status":"open","sticky":false,"template":"","format":"standard","meta":[],"categories":[26,31,9268,54],"tags":[14106,5112],"yst_prominent_words":[583,261,335,6040,69,98,1368,299,616,157],"jetpack_featured_media_url":"https:\/\/le12.ma\/fr\/wp-content\/uploads\/2024\/05\/7d8fd6d7-cf17-40c0-a707-5d03e15d946a.jpeg","_links":{"self":[{"href":"https:\/\/le12.ma\/fr\/wp-json\/wp\/v2\/posts\/42508"}],"collection":[{"href":"https:\/\/le12.ma\/fr\/wp-json\/wp\/v2\/posts"}],"about":[{"href":"https:\/\/le12.ma\/fr\/wp-json\/wp\/v2\/types\/post"}],"author":[{"embeddable":true,"href":"https:\/\/le12.ma\/fr\/wp-json\/wp\/v2\/users\/2"}],"replies":[{"embeddable":true,"href":"https:\/\/le12.ma\/fr\/wp-json\/wp\/v2\/comments?post=42508"}],"version-history":[{"count":1,"href":"https:\/\/le12.ma\/fr\/wp-json\/wp\/v2\/posts\/42508\/revisions"}],"predecessor-version":[{"id":42510,"href":"https:\/\/le12.ma\/fr\/wp-json\/wp\/v2\/posts\/42508\/revisions\/42510"}],"wp:featuredmedia":[{"embeddable":true,"href":"https:\/\/le12.ma\/fr\/wp-json\/wp\/v2\/media\/42509"}],"wp:attachment":[{"href":"https:\/\/le12.ma\/fr\/wp-json\/wp\/v2\/media?parent=42508"}],"wp:term":[{"taxonomy":"category","embeddable":true,"href":"https:\/\/le12.ma\/fr\/wp-json\/wp\/v2\/categories?post=42508"},{"taxonomy":"post_tag","embeddable":true,"href":"https:\/\/le12.ma\/fr\/wp-json\/wp\/v2\/tags?post=42508"},{"taxonomy":"yst_prominent_words","embeddable":true,"href":"https:\/\/le12.ma\/fr\/wp-json\/wp\/v2\/yst_prominent_words?post=42508"}],"curies":[{"name":"wp","href":"https:\/\/api.w.org\/{rel}","templated":true}]}}