{"id":42498,"date":"2024-05-17T21:04:41","date_gmt":"2024-05-17T20:04:41","guid":{"rendered":"https:\/\/le12.ma\/fr\/?p=42498"},"modified":"2024-05-17T21:04:41","modified_gmt":"2024-05-17T20:04:41","slug":"le-cinema-levier-de-modernisation-des-mentalites-et-daccompagnement-des-politiques-publiques","status":"publish","type":"post","link":"https:\/\/le12.ma\/fr\/le-cinema-levier-de-modernisation-des-mentalites-et-daccompagnement-des-politiques-publiques\/","title":{"rendered":"Le cin\u00e9ma, levier de modernisation des mentalit\u00e9s et d\u2019accompagnement des politiques publiques"},"content":{"rendered":"<h2 class=\"p1\"><\/h2>\n<h2 class=\"p1\"><em><strong><span class=\"s1\">Membte du Jury officiel de la 24 e \u00e9dition du Festival international du cin\u00e9ma africain de Khouribga, Afifa hassainate nous livre dans cet entretien son point de vue sur l&rsquo;apport de cet incontournable rendez-vous continental<span class=\"Apple-converted-space\">\u00a0 <\/span>dans le processus de promotion du cin\u00e9ma africain et sur le r\u00f4le des festivals et leurs juries en mati\u00e8re d&rsquo;ancrage et de consolidation de la culture cin\u00e9philique.<\/span><\/strong><\/em><\/h2>\n<p class=\"p1\"><span style=\"color: #ff0000;\"><strong><span class=\"s1\">Le12.ma :<span class=\"Apple-converted-space\">\u00a0 <\/span>Que repr\u00e9sente pour vous de faire partie du Jury officielle du FICAK compos\u00e9 de membres de diff\u00e9rentes nationalit\u00e9s ? <\/span><\/strong><\/span><\/p>\n<p class=\"p1\"><strong><span class=\"s1\">Afifa Hassainate :<span class=\"Apple-converted-space\">\u00a0 <\/span>C\u2019est une experience et un exercise qui s\u2019ajoute a des experiences pr\u00e9c\u00e9dentes. Explorer les go\u00fbts, les crit\u00e8res de jugements du beau, et les perceptions des artistes cin\u00e9aste africains est une bonne opportunit\u00e9, qui s\u2019ajoute \u00e0 l\u2019universalit\u00e9 de ce que j\u2019ai toujours v\u00e9cue, entre <a href=\"https:\/\/le12.ma\/fr\/linstitut-culturel-italien-de-rabat-et-lambassade-ditalie-au-maroc-celebrent-puccini\/\">Rabat<\/a>, Meknes et Londres &#8230; Quant au FICAK je suis vraiment honor\u00e9e de faire partie de son jury internationale, en tant que<span class=\"Apple-converted-space\">\u00a0 <\/span>repr\u00e9sentante de notre cher et beau Royaume. <\/span><\/strong><\/p>\n<p class=\"p1\"><span style=\"color: #ff0000;\"><strong><span class=\"s1\">-Un jury est compos\u00e9 de professionnels de cin\u00e9ma , mais aussi de personnes provenant d&rsquo;autres horizons. En tant qu&rsquo;\u00e9crivaine et critique, quel est votre apport pour l&rsquo;\u00e9valuation d&rsquo;une \u0153uvre cin\u00e9matographique ? <\/span><\/strong><\/span><\/p>\n<p class=\"p1\"><strong><span class=\"s1\">-Je n\u2019ai pas fais de films jusqu\u2019a pr\u00e9sent, mais j\u2019ai r\u00e9alis\u00e9 des sous-titrages, j&rsquo;ai aussi fait la co-\u00e9criture de sc\u00e9narios.<span class=\"Apple-converted-space\">\u00a0 <\/span>J&rsquo;ai \u00e9t\u00e9 \u00e9galement responsable de communication et de m\u00e9diatisation de tournage, en plus de mes multiples \u00e9crits, articles, essaies et ouvrages sur le cin\u00e9ma, sans oublier ma th\u00e8se de Doctorat sur la femme dans le cinema marocain, dont la soutenance aura lieu dans un avenir proche. Je voudrais souligner que j&rsquo;ai eu le grand honneur de recevoir une f\u00e9licitation \u00e9crite de Sa Majest\u00e9 le Roi Mohammed IV, en ma qualit\u00e9 de critique de cin\u00e9ma sue mon dernier ouvrage \u00ab\u00a0Du cin\u00e9ma \u00e0 l\u2019Op\u00e9ra\u00a0\u00bb. Le faite d\u2019\u00eatre po\u00e9tesse, chercheure, acad\u00e9micienne et militante associative, entre autres, c&rsquo;est une valeur ajout\u00e9e pour un jury.<\/span><\/strong><\/p>\n<p><img decoding=\"async\" loading=\"lazy\" class=\"alignnone size-full wp-image-42500\" src=\"https:\/\/le12.ma\/fr\/wp-content\/uploads\/2024\/05\/51bbae08-27cc-4833-b5d9-aec61bec13f6.jpeg\" alt=\"\" width=\"828\" height=\"809\" srcset=\"https:\/\/le12.ma\/fr\/wp-content\/uploads\/2024\/05\/51bbae08-27cc-4833-b5d9-aec61bec13f6.jpeg 828w, https:\/\/le12.ma\/fr\/wp-content\/uploads\/2024\/05\/51bbae08-27cc-4833-b5d9-aec61bec13f6-300x293.jpeg 300w, https:\/\/le12.ma\/fr\/wp-content\/uploads\/2024\/05\/51bbae08-27cc-4833-b5d9-aec61bec13f6-768x750.jpeg 768w\" sizes=\"(max-width: 828px) 100vw, 828px\" \/><\/p>\n<p class=\"p1\"><span style=\"color: #ff0000;\"><strong><span class=\"s1\">-Vous avez \u00e9t\u00e9 membre du jury de plusieurs festivals. Quelle est la particularit\u00e9 du FICAK ?<\/span><\/strong><\/span><\/p>\n<p class=\"p1\"><strong><span class=\"s1\">-Le Festival international du cin\u00e9ma africain de Khouribga est l&rsquo;incarnation de cette coop\u00e9ration artistique et culturelle sud-sud,<span class=\"Apple-converted-space\">\u00a0 <\/span>enrichie et consolid\u00e9e. Le cin\u00e9ma est \u00e0 la fois, une industrie et un mode de r\u00e9flexion et d\u2019\u00e9ducation de masse, dont l\u2019Afrique doit prendre soin. Il s\u2019agit d\u2019un vrai levier de modernisation des mentalit\u00e9s et d\u2019accompagnement des politiques publique de d\u00e9veloppement multisectoriel. On ne peut pas aspirer \u00e0 une Afrique forte, unie et solidaire sans cin\u00e9ma.<\/span><\/strong><\/p>\n<p class=\"p1\"><span style=\"color: #ff0000;\"><strong><span class=\"s1\">Entretien r\u00e9alis\u00e9 par Driss Lyakoubi<\/span><\/strong><\/span><\/p>\n","protected":false},"excerpt":{"rendered":"<p>Membte du Jury officiel de la 24 e \u00e9dition du Festival international du cin\u00e9ma africain de Khouribga, Afifa hassainate nous livre dans cet entretien son point de vue sur l&rsquo;apport de cet incontournable rendez-vous continental\u00a0 dans le processus de promotion du cin\u00e9ma africain et sur le r\u00f4le des festivals et leurs juries en mati\u00e8re d&rsquo;ancrage [&hellip;]<\/p>\n","protected":false},"author":2,"featured_media":42499,"comment_status":"open","ping_status":"open","sticky":false,"template":"","format":"standard","meta":[],"categories":[26,9442,9443,31,54],"tags":[6244,9793,6377],"yst_prominent_words":[1000,457,181,1014],"jetpack_featured_media_url":"https:\/\/le12.ma\/fr\/wp-content\/uploads\/2024\/05\/db13cfdd-f9cc-438f-90a1-78cd3fc7f03a.jpeg","_links":{"self":[{"href":"https:\/\/le12.ma\/fr\/wp-json\/wp\/v2\/posts\/42498"}],"collection":[{"href":"https:\/\/le12.ma\/fr\/wp-json\/wp\/v2\/posts"}],"about":[{"href":"https:\/\/le12.ma\/fr\/wp-json\/wp\/v2\/types\/post"}],"author":[{"embeddable":true,"href":"https:\/\/le12.ma\/fr\/wp-json\/wp\/v2\/users\/2"}],"replies":[{"embeddable":true,"href":"https:\/\/le12.ma\/fr\/wp-json\/wp\/v2\/comments?post=42498"}],"version-history":[{"count":1,"href":"https:\/\/le12.ma\/fr\/wp-json\/wp\/v2\/posts\/42498\/revisions"}],"predecessor-version":[{"id":42501,"href":"https:\/\/le12.ma\/fr\/wp-json\/wp\/v2\/posts\/42498\/revisions\/42501"}],"wp:featuredmedia":[{"embeddable":true,"href":"https:\/\/le12.ma\/fr\/wp-json\/wp\/v2\/media\/42499"}],"wp:attachment":[{"href":"https:\/\/le12.ma\/fr\/wp-json\/wp\/v2\/media?parent=42498"}],"wp:term":[{"taxonomy":"category","embeddable":true,"href":"https:\/\/le12.ma\/fr\/wp-json\/wp\/v2\/categories?post=42498"},{"taxonomy":"post_tag","embeddable":true,"href":"https:\/\/le12.ma\/fr\/wp-json\/wp\/v2\/tags?post=42498"},{"taxonomy":"yst_prominent_words","embeddable":true,"href":"https:\/\/le12.ma\/fr\/wp-json\/wp\/v2\/yst_prominent_words?post=42498"}],"curies":[{"name":"wp","href":"https:\/\/api.w.org\/{rel}","templated":true}]}}