{"id":42455,"date":"2024-05-16T16:52:52","date_gmt":"2024-05-16T15:52:52","guid":{"rendered":"https:\/\/le12.ma\/fr\/?p=42455"},"modified":"2024-05-16T16:37:48","modified_gmt":"2024-05-16T15:37:48","slug":"siel-2024-hommage-posthume-au-choregraphe-lahcen-zinoun","status":"publish","type":"post","link":"https:\/\/le12.ma\/fr\/siel-2024-hommage-posthume-au-choregraphe-lahcen-zinoun\/","title":{"rendered":"SIEL 2024 : hommage posthume au chor\u00e9graphe Lahcen Zinoun"},"content":{"rendered":"<h2 class=\"node-tpl-ville-accroche\"><strong>Un hommage <a href=\"https:\/\/le12.ma\/fr\/siel-2024-les-inscriptions-ouvertes-aux-maisons-dedition-et-aux-institutions\/\">posthume<\/a> a \u00e9t\u00e9 rendu, mercredi \u00e0 Rabat, au chor\u00e9graphe et premier danseur \u00e9toile marocain, Lahcen Zinoun, en marge de la 29\u00e8me \u00e9dition du Salon International de l\u2019Edition et du Livre (<a href=\"https:\/\/www.mapnews.ma\/fr\/actualites\/culture\/siel-2024-hommage-posthume-au-chor%C3%A9graphe-lahcen-zinoun\">SIEL<\/a>).<\/strong><\/h2>\n<div class=\"node-wrapper-img-corps\">\n<div class=\"node-tpl-corps\">\n<p><strong>Cet hommage a \u00e9t\u00e9 organis\u00e9 \u00e0 l\u2019initiative du Conseil de la communaut\u00e9 marocaine \u00e0 l\u2019\u00e9tranger (CCME) et du Cercle des Laur\u00e9ats de Belgique (CLB), en partenariat avec la D\u00e9l\u00e9gation g\u00e9n\u00e9rale Wallonie-Bruxelles au Maroc.<\/strong><\/p>\n<p><strong>Des membres de la famille du d\u00e9funt, plusieurs de ses proches et amis ainsi que de nombreuses personnalit\u00e9s de diff\u00e9rents horizons l\u2019ayant c\u00f4toy\u00e9 ou connu ont pris part \u00e0 cet hommage qui a \u00e9t\u00e9 l\u2019occasion de c\u00e9l\u00e9brer plus de 60 ans de cr\u00e9ation artistique de feu Lahcen Zinoun dans la danse, la chor\u00e9graphie, l\u2019\u00e9criture et la r\u00e9alisation.<\/strong><\/p>\n<p><strong>Dans une salle comble o\u00f9 l\u2019\u00e9motion \u00e9tait palpable, l\u2019assistance a suivi un documentaire retra\u00e7ant le riche parcours artistique de Lahcen Zinoun, accompagn\u00e9 de photos de ses premi\u00e8res repr\u00e9sentations.<\/strong><\/p>\n<p><strong>S\u2019exprimant \u00e0 cette occasion, le Conseiller de Sa Majest\u00e9 le Roi, Andr\u00e9 Azoulay, a indiqu\u00e9 qu\u2019il nourrissait avec le d\u00e9funt, cette \u00ab\u00a0gourmandise insatiable\u00a0\u00bb pour tout ce que le Maroc et son terroir savaient dire aux autres.<\/strong><\/p>\n<p><strong>\u00ab\u00a0Nous avions d\u00e9couvert tr\u00e8s vite des points que nous avions en commun, notamment cette d\u00e9termination de conna\u00eetre les autres et de les inclure dans les cercles restreints\u00a0\u00bb, a affirm\u00e9 M. Azoulay, ajoutant que feu Lahcen Zinoun est l\u2019un des premiers avec lesquels il s\u2019est entretenu de ce qu\u2019il \u00ab\u00a0ressentait comme obsessionnel chez lui\u00a0\u00bb.<\/strong><\/p>\n<p><strong>\u00ab\u00a0Il n\u2019y a aucune limite, aucune barri\u00e8re, ni de seuil \u00e0 ce Maroc qu\u2019on a essay\u00e9 d\u2019incarner par la culture, l\u00e0 o\u00f9 la politique ne savait pas faire\u00a0\u00bb, a ajout\u00e9 le Conseiller de Sa Majest\u00e9 le Roi.<\/strong><\/p>\n<p><strong>Pour sa part, la danseuse et veuve de Lahcen Zinoun, Mich\u00e8le Barette Zinoun, a expliqu\u00e9 que son d\u00e9funt mari n\u2019a eu de cesse de transmettre son art et sa p\u00e9dagogie autant pour la danse classique que pour les arts populaires envers lesquels il vouait un profond respect.<\/strong><\/p>\n<p><strong>\u201cCet homme g\u00e9n\u00e9reux a consacr\u00e9 sa vie \u00e0 son pays qu\u2019il aimait tant\u00a0\u00bb, a-t-elle relev\u00e9, pr\u00e9cisant que Lahcen Zinoun \u00e9tait un danseur d\u2019une grande \u00e9l\u00e9gance qui poss\u00e9dait une v\u00e9ritable pr\u00e9sence.<\/strong><\/p>\n<p><strong>Elle s\u2019est dit \u00ab\u00a0heureuse d\u2019avoir pu partager la vie, le travail artistique et l\u2019amour du Maroc avec Lahcen Zinoun dont la m\u00e9moire restera toujours pr\u00e9sente \u00e0 travers toutes ses \u0153uvres\u00a0\u00bb.<\/strong><\/p>\n<p><strong>Cet hommage a \u00e9t\u00e9 ponctu\u00e9 d\u2019autres t\u00e9moignages de personnalit\u00e9s ayant connu le d\u00e9funt qui ont \u00e9t\u00e9 unanimes \u00e0 mettre en avant les qualit\u00e9s humaines et le professionnalisme de feu Lahcen Zinoun dans l\u2019exercice artistique.<\/strong><\/p>\n<p><strong>N\u00e9 en 1944, Lahcen Zinoun avait re\u00e7u le premier prix de danse au conservatoire municipal de Casablanca en 1964. R\u00e9alisateur et metteur en sc\u00e8ne, il avait sign\u00e9 quatre courts-m\u00e9trages, et deux long-m\u00e9trages.<\/strong><\/p>\n<p><strong>Avec son \u00e9pouse, la danseuse Mich\u00e8le Barette, feu Lahcen Zinoun avait cr\u00e9\u00e9 en 1978 une \u00e9cole de danse ainsi qu&rsquo;une compagnie, le Ballet-Th\u00e9\u00e2tre Zinoun. Ensemble, ils ont partag\u00e9 l&rsquo;ambition de pr\u00e9server le patrimoine dans\u00e9 marocain et le combat pour permettre \u00e0 la jeunesse marocaine de b\u00e9n\u00e9ficier d&rsquo;une solide formation artistique.<\/strong><\/p>\n<p><strong>D\u00e9c\u00e9d\u00e9 avant de pouvoir r\u00e9aliser un film inspir\u00e9 de son livre autobiographique \u201cLe r\u00eave interdit\u201d (Ed. Maha), Lahcen Zinoun restera \u00e0 jamais dans les c\u0153urs et esprits de celles et ceux qui l\u2019ont c\u00f4toy\u00e9 ou connu de pr\u00e8s ou de loin.<\/strong><\/p>\n<p><strong>Invit\u00e9 \u00e0 une rencontre-d\u00e9bat en 2023, le d\u00e9funt avait confi\u00e9 que la souffrance a \u00e9t\u00e9 \u00ab\u00a0une source de cr\u00e9ativit\u00e9\u00a0\u00bb qui lui a permis de forger sa personnalit\u00e9 artistique, affirmant avoir \u00e9t\u00e9 fascin\u00e9 d\u00e8s son enfance par les danses patrimoniales marocaines qui se d\u00e9roulaient au Hay Mohammadi de Casablanca.<\/strong><\/p>\n<\/div>\n<\/div>\n","protected":false},"excerpt":{"rendered":"<p>Un hommage posthume a \u00e9t\u00e9 rendu, mercredi \u00e0 Rabat, au chor\u00e9graphe et premier danseur \u00e9toile marocain, Lahcen Zinoun, en marge de la 29\u00e8me \u00e9dition du Salon International de l\u2019Edition et du Livre (SIEL). Cet hommage a \u00e9t\u00e9 organis\u00e9 \u00e0 l\u2019initiative du Conseil de la communaut\u00e9 marocaine \u00e0 l\u2019\u00e9tranger (CCME) et du Cercle des Laur\u00e9ats de [&hellip;]<\/p>\n","protected":false},"author":2,"featured_media":42456,"comment_status":"open","ping_status":"open","sticky":false,"template":"","format":"standard","meta":[],"categories":[26,54,24],"tags":[13175,14084,14083,13017],"yst_prominent_words":[2849,2790,4101,3938,3162,1003,354,69,454,3187],"jetpack_featured_media_url":"https:\/\/le12.ma\/fr\/wp-content\/uploads\/2024\/05\/siem.jpg","_links":{"self":[{"href":"https:\/\/le12.ma\/fr\/wp-json\/wp\/v2\/posts\/42455"}],"collection":[{"href":"https:\/\/le12.ma\/fr\/wp-json\/wp\/v2\/posts"}],"about":[{"href":"https:\/\/le12.ma\/fr\/wp-json\/wp\/v2\/types\/post"}],"author":[{"embeddable":true,"href":"https:\/\/le12.ma\/fr\/wp-json\/wp\/v2\/users\/2"}],"replies":[{"embeddable":true,"href":"https:\/\/le12.ma\/fr\/wp-json\/wp\/v2\/comments?post=42455"}],"version-history":[{"count":1,"href":"https:\/\/le12.ma\/fr\/wp-json\/wp\/v2\/posts\/42455\/revisions"}],"predecessor-version":[{"id":42457,"href":"https:\/\/le12.ma\/fr\/wp-json\/wp\/v2\/posts\/42455\/revisions\/42457"}],"wp:featuredmedia":[{"embeddable":true,"href":"https:\/\/le12.ma\/fr\/wp-json\/wp\/v2\/media\/42456"}],"wp:attachment":[{"href":"https:\/\/le12.ma\/fr\/wp-json\/wp\/v2\/media?parent=42455"}],"wp:term":[{"taxonomy":"category","embeddable":true,"href":"https:\/\/le12.ma\/fr\/wp-json\/wp\/v2\/categories?post=42455"},{"taxonomy":"post_tag","embeddable":true,"href":"https:\/\/le12.ma\/fr\/wp-json\/wp\/v2\/tags?post=42455"},{"taxonomy":"yst_prominent_words","embeddable":true,"href":"https:\/\/le12.ma\/fr\/wp-json\/wp\/v2\/yst_prominent_words?post=42455"}],"curies":[{"name":"wp","href":"https:\/\/api.w.org\/{rel}","templated":true}]}}