{"id":42310,"date":"2024-05-13T13:56:12","date_gmt":"2024-05-13T12:56:12","guid":{"rendered":"https:\/\/le12.ma\/fr\/?p=42310"},"modified":"2024-05-13T13:58:10","modified_gmt":"2024-05-13T12:58:10","slug":"linstitut-culturel-italien-de-rabat-et-lambassade-ditalie-au-maroc-celebrent-puccini","status":"publish","type":"post","link":"https:\/\/le12.ma\/fr\/linstitut-culturel-italien-de-rabat-et-lambassade-ditalie-au-maroc-celebrent-puccini\/","title":{"rendered":"L\u2019institut Culturel Italien de Rabat et l\u2019Ambassade d\u2019Italie au Maroc c\u00e9l\u00e8brent Puccini !"},"content":{"rendered":"<h2><strong>\u00c0<a href=\"https:\/\/le12.ma\/fr\/bourita-recoit-lambassadeur-de-bahrein-porteur-dun-message-ecrit-a-sm-le-roi\/\"> l&rsquo;occasion<\/a> de la F\u00eate nationale italienne du 2 juin 2024, l&rsquo;Ambassade d&rsquo;Italie, l&rsquo;Institut Culturel Italien de Rabat, l&rsquo;Orchestre Philharmonique du Maroc et la Fondation T\u00e9nor pour la Culture c\u00e9l\u00e8brent le centenaire du compositeur italien Giacomo Puccini avec deux soir\u00e9es uniques les 28 et 31 mai 2024, au Th\u00e9\u00e2tre Mohammed V de Rabat.<\/strong><\/h2>\n<p><strong>Deux ans apr\u00e8s la repr\u00e9sentation de la \u00ab Norma \u00bb de Bellini de Rabat et les nombreux concerts et \u00e9v\u00e8nements organis\u00e9s dans ces trois ann\u00e9es, le r\u00e9pertoire le plus c\u00e9l\u00e8bre de 8 des principaux op\u00e9ras du maestro italien sera pr\u00e9sent\u00e9 au Maroc, accompagnant les amoureux du bel canto italien dans un voyage \u00e0 travers la carri\u00e8re artistique et la vie d\u2019un des compositeurs plus c\u00e9l\u00e8bre et c\u00e9l\u00e9br\u00e9 du monde : le Maestro Giacomo Puccini, v\u00e9ritable icone globale de l\u2019Op\u00e9ra.<\/strong><\/p>\n<p><strong>Le programme musical de cette centenaire du compositeur italien Giacomo Puccini est pr\u00e9senter comme suit:<\/strong><\/p>\n<p><strong>Manon Lescaut (Intermezzo, from Act I);<\/strong><br \/>\n<strong>La Boh\u00e8me (\u2018Si, mi chiamano Mim\u00ec\u2019; \u2018O soave fanciulla\u2019; \u2018Che gelida<\/strong><br \/>\n<strong>manina\u2019);<\/strong><br \/>\n<strong>Turandot (\u2018Signore ascolta!\u2019;\u2018Nessun Dorma\u2019; \u2018Non piangere Li\u00f9\u2019);<\/strong><br \/>\n<strong>Tosca (Intermezzo, from Act III);<\/strong><br \/>\n<strong>Le Villi (\u2018Se come voi piccina\u2026Non ti scordar di me!\u2019; \u2018Non esser Anna mia<\/strong><br \/>\n<strong>mesta s\u00ec tanto\u2026 Tu dell\u2019infanzia mia\u2019);<\/strong><br \/>\n<strong>Gianni Schicchi (\u2018O mio babbino caro\u2019);<\/strong><br \/>\n<strong>Tosca (\u2018E lucevan le stelle\u2019; \u2018Vissi d\u2019arte\u2019);<\/strong><br \/>\n<strong>Madama Butterfly (\u2018Viene la sera\u2019)<\/strong><\/p>\n<p><strong>En plus de cette programmation musical, cette centenaire mettant en valeur des artistes comme Le maestro Pietro Mianiti,VALENTINA BOI, DAVIDE TUSCANO, VITTORIANA DE AMICIS et MICHELE PATTI. <\/strong><\/p>\n<p><strong>En effet le Concerts est gratuits et la R\u00e9servation gratuite requise en ligne sur <\/strong><a href=\"https:\/\/www.ticket.ma\/ticket\/opm\/serata-puccini-28-mai-rabat\"><strong>www.ticket.ma<\/strong><\/a><\/p>\n","protected":false},"excerpt":{"rendered":"<p>\u00c0 l&rsquo;occasion de la F\u00eate nationale italienne du 2 juin 2024, l&rsquo;Ambassade d&rsquo;Italie, l&rsquo;Institut Culturel Italien de Rabat, l&rsquo;Orchestre Philharmonique du Maroc et la Fondation T\u00e9nor pour la Culture c\u00e9l\u00e8brent le centenaire du compositeur italien Giacomo Puccini avec deux soir\u00e9es uniques les 28 et 31 mai 2024, au Th\u00e9\u00e2tre Mohammed V de Rabat. Deux ans [&hellip;]<\/p>\n","protected":false},"author":2,"featured_media":42311,"comment_status":"open","ping_status":"open","sticky":false,"template":"","format":"standard","meta":[],"categories":[26,31,54,24],"tags":[14019,14017,14018],"yst_prominent_words":[69,299],"jetpack_featured_media_url":"https:\/\/le12.ma\/fr\/wp-content\/uploads\/2024\/05\/puccini.jpg","_links":{"self":[{"href":"https:\/\/le12.ma\/fr\/wp-json\/wp\/v2\/posts\/42310"}],"collection":[{"href":"https:\/\/le12.ma\/fr\/wp-json\/wp\/v2\/posts"}],"about":[{"href":"https:\/\/le12.ma\/fr\/wp-json\/wp\/v2\/types\/post"}],"author":[{"embeddable":true,"href":"https:\/\/le12.ma\/fr\/wp-json\/wp\/v2\/users\/2"}],"replies":[{"embeddable":true,"href":"https:\/\/le12.ma\/fr\/wp-json\/wp\/v2\/comments?post=42310"}],"version-history":[{"count":3,"href":"https:\/\/le12.ma\/fr\/wp-json\/wp\/v2\/posts\/42310\/revisions"}],"predecessor-version":[{"id":42314,"href":"https:\/\/le12.ma\/fr\/wp-json\/wp\/v2\/posts\/42310\/revisions\/42314"}],"wp:featuredmedia":[{"embeddable":true,"href":"https:\/\/le12.ma\/fr\/wp-json\/wp\/v2\/media\/42311"}],"wp:attachment":[{"href":"https:\/\/le12.ma\/fr\/wp-json\/wp\/v2\/media?parent=42310"}],"wp:term":[{"taxonomy":"category","embeddable":true,"href":"https:\/\/le12.ma\/fr\/wp-json\/wp\/v2\/categories?post=42310"},{"taxonomy":"post_tag","embeddable":true,"href":"https:\/\/le12.ma\/fr\/wp-json\/wp\/v2\/tags?post=42310"},{"taxonomy":"yst_prominent_words","embeddable":true,"href":"https:\/\/le12.ma\/fr\/wp-json\/wp\/v2\/yst_prominent_words?post=42310"}],"curies":[{"name":"wp","href":"https:\/\/api.w.org\/{rel}","templated":true}]}}