{"id":42252,"date":"2024-05-10T15:25:25","date_gmt":"2024-05-10T14:25:25","guid":{"rendered":"https:\/\/le12.ma\/fr\/?p=42252"},"modified":"2024-05-10T15:25:25","modified_gmt":"2024-05-10T14:25:25","slug":"lheritage-du-caftan-celebre-a-marrakech","status":"publish","type":"post","link":"https:\/\/le12.ma\/fr\/lheritage-du-caftan-celebre-a-marrakech\/","title":{"rendered":"L\u2019h\u00e9ritage du caftan c\u00e9l\u00e9br\u00e9 \u00e0 Marrakech"},"content":{"rendered":"<div class=\"penci-entry-content entry-content\">\n<h2><strong><a href=\"https:\/\/mapfinance.ma\/lheritage-du-caftan-celebre-a-marrakech\/\">Une exposition<\/a> exclusive de caftans de collection a \u00e9t\u00e9 organis\u00e9e, jeudi \u00e0 Marrakech, marquant ainsi le d\u00e9but de \u201cCaftan Week 2024\u201d.<\/strong><\/h2>\n<p><strong>Plac\u00e9 sous le th\u00e8me \u201cMaroc, terre du Caftan\u201d, cet <a href=\"https:\/\/le12.ma\/fr\/le-caftan-marocain-mis-a-lhonneur-lors-dun-gala-caritatif-au-benefice-de-linstitut-peruvien-de-la-sante-de-lenfant-a-lima\/\">\u00e9v\u00e9nement<\/a>, qui se poursuivra jusqu\u2019au 12 mai, offre l\u2019occasion de c\u00e9l\u00e9brer un patrimoine marocain singulier et de mettre en avant cet authentique habit traditionnel qui incarne l\u2019h\u00e9ritage, la richesse culturelle et le savoir-faire marocain transmis de g\u00e9n\u00e9ration en g\u00e9n\u00e9ration.<\/strong><\/p>\n<p><strong>\u00c0 cette occasion, Zineb Taimouri, membre du comit\u00e9 d\u2019organisation, a soulign\u00e9 que cette \u00e9dition marque le retour de l\u2019\u00e9v\u00e9nement apr\u00e8s une pause de quatre ans, avec un programme riche et un nouveau format.<\/strong><\/p>\n<p><strong>\u201cC\u2019est une opportunit\u00e9 unique de red\u00e9couvrir et de c\u00e9l\u00e9brer l\u2019h\u00e9ritage incomparable du caftan marocain, en mettant en valeur son raffinement artisanal et son influence intemporelle dans la mode et la culture marocaine\u201d, a-t-elle d\u00e9clar\u00e9.<\/strong><\/p>\n<p><strong>Pour sa part, Salima Ait Mbarak, conservatrice du Mus\u00e9e Dar El Bacha, s\u2019est r\u00e9jouie d\u2019accueillir cet \u00e9v\u00e9nement.<\/strong><\/p>\n<p><strong>L\u2019id\u00e9e derri\u00e8re cette exposition, a-t-elle dit, est de mettre en relief, \u00e0 travers une belle collection ethnographique datant de la deuxi\u00e8me moiti\u00e9 du 19\u00e8me si\u00e8cle jusqu\u2019au d\u00e9but du 20\u00e8me si\u00e8cle, l\u2019importance du caftan en tant que trait de la culture et du patrimoine marocains \u00e0 travers plusieurs styles.<\/strong><\/p>\n<p><strong>Amina Boussairi, styliste participante, s\u2019est, quant \u00e0 elle, f\u00e9licit\u00e9e de l\u2019id\u00e9e de promouvoir l\u2019identit\u00e9 marocaine \u00e0 travers cet \u00e9v\u00e9nement, soulignant son engagement \u00e0 pr\u00e9server et \u00e0 valoriser le patrimoine vestimentaire marocain.<\/strong><\/p>\n<p><strong>Cette 24\u00e8me \u00e9dition, initi\u00e9e, par le magazine \u201cFemmes du Maroc\u201d promet donc d\u2019\u00eatre un moment de c\u00e9l\u00e9bration, de transmission et de mise en valeur du caftan marocain, perp\u00e9tuant ainsi une tradition s\u00e9culaire au c\u0153ur de la culture nationale.<\/strong><\/p>\n<p><strong>Le d\u00e9fil\u00e9 Caftan 2024, point d\u2019orgue de la Caftan Week, pr\u00e9sentera les cr\u00e9ations innovantes de 16 designers marocains, dont un jeune talent, alliant savoir-faire traditionnel et cr\u00e9ativit\u00e9 renouvel\u00e9e.<\/strong><\/p>\n<p><strong>Les activit\u00e9s pr\u00e9vues comprennent \u00e9galement une exposition exclusive de caftans de collection, une exposition des m\u00e9tiers artisanaux du caftan, ainsi qu\u2019une master class au profit d\u2019\u00e9tudiants des instituts de mode et de design.<\/strong><\/p>\n<p><strong>\u00c0 travers ces activit\u00e9s vari\u00e9es, Caftan Week 2024 promet une exp\u00e9rience inoubliable, mettant en avant le meilleur de la mode marocaine dans un esprit d\u2019innovation, d\u2019originalit\u00e9 et d\u2019authenticit\u00e9, refl\u00e9tant ainsi la dynamique et la grande diversit\u00e9 de l\u2019\u00e9cosyst\u00e8me du caftan marocain.<\/strong><\/p>\n<\/div>\n","protected":false},"excerpt":{"rendered":"<p>Une exposition exclusive de caftans de collection a \u00e9t\u00e9 organis\u00e9e, jeudi \u00e0 Marrakech, marquant ainsi le d\u00e9but de \u201cCaftan Week 2024\u201d. Plac\u00e9 sous le th\u00e8me \u201cMaroc, terre du Caftan\u201d, cet \u00e9v\u00e9nement, qui se poursuivra jusqu\u2019au 12 mai, offre l\u2019occasion de c\u00e9l\u00e9brer un patrimoine marocain singulier et de mettre en avant cet authentique habit traditionnel qui [&hellip;]<\/p>\n","protected":false},"author":2,"featured_media":42254,"comment_status":"open","ping_status":"open","sticky":false,"template":"","format":"standard","meta":[],"categories":[26,31,54,24],"tags":[13994,592,13995],"yst_prominent_words":[583,2853,2848,454,244,255],"jetpack_featured_media_url":"https:\/\/le12.ma\/fr\/wp-content\/uploads\/2024\/05\/caftan-1.jpeg","_links":{"self":[{"href":"https:\/\/le12.ma\/fr\/wp-json\/wp\/v2\/posts\/42252"}],"collection":[{"href":"https:\/\/le12.ma\/fr\/wp-json\/wp\/v2\/posts"}],"about":[{"href":"https:\/\/le12.ma\/fr\/wp-json\/wp\/v2\/types\/post"}],"author":[{"embeddable":true,"href":"https:\/\/le12.ma\/fr\/wp-json\/wp\/v2\/users\/2"}],"replies":[{"embeddable":true,"href":"https:\/\/le12.ma\/fr\/wp-json\/wp\/v2\/comments?post=42252"}],"version-history":[{"count":1,"href":"https:\/\/le12.ma\/fr\/wp-json\/wp\/v2\/posts\/42252\/revisions"}],"predecessor-version":[{"id":42255,"href":"https:\/\/le12.ma\/fr\/wp-json\/wp\/v2\/posts\/42252\/revisions\/42255"}],"wp:featuredmedia":[{"embeddable":true,"href":"https:\/\/le12.ma\/fr\/wp-json\/wp\/v2\/media\/42254"}],"wp:attachment":[{"href":"https:\/\/le12.ma\/fr\/wp-json\/wp\/v2\/media?parent=42252"}],"wp:term":[{"taxonomy":"category","embeddable":true,"href":"https:\/\/le12.ma\/fr\/wp-json\/wp\/v2\/categories?post=42252"},{"taxonomy":"post_tag","embeddable":true,"href":"https:\/\/le12.ma\/fr\/wp-json\/wp\/v2\/tags?post=42252"},{"taxonomy":"yst_prominent_words","embeddable":true,"href":"https:\/\/le12.ma\/fr\/wp-json\/wp\/v2\/yst_prominent_words?post=42252"}],"curies":[{"name":"wp","href":"https:\/\/api.w.org\/{rel}","templated":true}]}}