{"id":42010,"date":"2024-05-01T13:08:37","date_gmt":"2024-05-01T12:08:37","guid":{"rendered":"https:\/\/le12.ma\/fr\/?p=42010"},"modified":"2024-05-01T12:40:22","modified_gmt":"2024-05-01T11:40:22","slug":"tanger-vibre-au-rythme-des-melodies-envoutantes-du-jazz","status":"publish","type":"post","link":"https:\/\/le12.ma\/fr\/tanger-vibre-au-rythme-des-melodies-envoutantes-du-jazz\/","title":{"rendered":"Tanger vibre au rythme des m\u00e9lodies envo\u00fbtantes du Jazz"},"content":{"rendered":"<h2 class=\"node-tpl-ville-accroche\"><strong>Le temps d\u2019une soir\u00e9e, les m\u00e9galithes de jazz se sont produits, mardi soir au Palais des arts et de la culture de Tanger, lors d\u2019un concert universel organis\u00e9 pour c\u00e9l\u00e9brer la Journ\u00e9e internationale du Jazz.<\/strong><\/h2>\n<div class=\"node-wrapper-img-corps\">\n<div class=\"node-tpl-image-legende\">\n<div class=\"img\">\n<div class=\"field-item even\"><strong>Ce grand concert multi-artistes d\u00e9di\u00e9 au Jazz, une musique-monde, a \u00e9t\u00e9 retransmis en direct durant plus d\u2019une heure, mettant en avant Tanger, une ville embl\u00e9matique, qui incarne la rencontre harmonieuse des diff\u00e9rentes cultures du monde.<\/strong><\/div>\n<\/div>\n<\/div>\n<div class=\"node-tpl-corps\">\n<p>&nbsp;<\/p>\n<p><strong>Ce show \u201cAll-Star Global Concert\u201d a offert au public des performances extraordinaires, r\u00e9unissant des artistes de renom, tels que la l\u00e9gendaire chanteuse de jazz Dee Dee Bridgewater, la talentueuse saxophoniste Lakecia Benjamin, la chanteuse \u00e9toile montante du jazz Jazzmeia Horn, le batteur et compositeur \u00e9lectronique Jongkuk Kim, l&rsquo;influent Marcus Miller et le virtuose de l&rsquo;harmonica Antonio Serrano.<\/strong><\/p>\n<p><strong>Ce concert a \u00e9galement vu se produire des ic\u00f4nes de la sc\u00e8ne jazzy, notamment le ma\u00eetre du Gnaoua, Abdellah El Gourd, la chanteuse Claudia Acu\u00f1a, le trompettiste Ambrose Akinmusire, le chanteur Richard Bona, le c\u00e9l\u00e8bre artiste de jazz mozambicain, Moreira Chongui\u00e7a, la chanteuse prim\u00e9e Shemekia Copeland, l\u2019orchestre Kurt Elling, le pianiste Antonio Fara\u00f2, la chanteuse Melody Gardot, le multi-instrumentiste Magnus Lindgren, le guitariste Romero Lubambo , le bassiste Yasushi Nakamura et le pianiste Tarek Yamani.<\/strong><\/p>\n<p><strong>C\u2019est ainsi que des figures embl\u00e9matiques du jazz et du blues ont \u00e9lectris\u00e9 la ville de Tanger, sous la direction du l\u00e9gendaire pianiste Herbie Hancock et du compositeur et arrangeur am\u00e9ricain John Beasley.<\/strong><\/p>\n<p><strong>Dans une ambiance sublim\u00e9e par le swing du jazz, les spectateurs se sont laiss\u00e9s emporter par les envol\u00e9es du saxophone, port\u00e9es par la virtuosit\u00e9 des voix qui ont tiss\u00e9 des m\u00e9lodies envo\u00fbtantes, rythm\u00e9es par une cadence vibrante.<\/strong><\/p>\n<p><strong>Ce concert d&rsquo;envergure mondiale vient s&rsquo;ajouter \u00e0 la prestigieuse liste des grands \u00e9v\u00e9nements internationaux organis\u00e9s au Maroc, renfor\u00e7ant sa r\u00e9putation de terre de tol\u00e9rance, de coexistence pacifique et du vivre-ensemble.<\/strong><\/p>\n<p><strong>Cette soir\u00e9e singuli\u00e8re, qui a r\u00e9uni les m\u00e9galithes de la sc\u00e8ne de jazz mondiale, a \u00e9t\u00e9 rehauss\u00e9e par la pr\u00e9sence du Conseiller de Sa Majest\u00e9 le Roi et Pr\u00e9sident fondateur de l\u2019Association Essaouira- Mogador, M. Andr\u00e9 Azoulay, du ministre de la Jeunesse, de la culture et de la communication, Mohamed Mehdi Bensaid, du ministre de l&rsquo;\u00c9ducation nationale, du pr\u00e9scolaire et des sports, Chakib Benmoussa, du Wali de la r\u00e9gion Tanger-T\u00e9touan-Al Hoceima, Younes Tazi, du pr\u00e9sident du Conseil r\u00e9gional, Omar Moro, du pr\u00e9sident du Herbie Hancock Institute of Jazz, Tom Carter, et d&rsquo;une pl\u00e9iade de responsables et de personnalit\u00e9s des mondes de la culture et de l&rsquo;art marocains et \u00e9trangers.<\/strong><\/p>\n<p><strong>Cr\u00e9\u00e9e par la Conf\u00e9rence g\u00e9n\u00e9rale de l&rsquo;UNESCO en 2011 et reconnue par l&rsquo;Assembl\u00e9e g\u00e9n\u00e9rale des Nations Unies, la Journ\u00e9e internationale du jazz rassemble chaque ann\u00e9e, le 30 avril, des pays et des communaut\u00e9s du monde entier.<\/strong><\/p>\n<p><strong>Cette Journ\u00e9e met en lumi\u00e8re le pouvoir du jazz et son r\u00f4le dans la promotion de la paix, du dialogue entre les cultures, de la diversit\u00e9 et du respect de la dignit\u00e9 humaine.<\/strong><\/p>\n<p><strong>Organis\u00e9es par l&rsquo;UNESCO et le Herbie Hancock Institute of Jazz, avec le soutien du minist\u00e8re de la Culture, de la jeunesse et de la communication, en partenariat avec la commune de Tanger, les festivit\u00e9s du \u00ab\u00a0Jazz day\u00a0\u00bb ont permis de mettre en lumi\u00e8re l\u2019h\u00e9ritage jazzistique de Tanger, ainsi que les liens culturels et artistiques unissant le Maroc, l&rsquo;Europe et l&rsquo;Afrique.<\/strong><\/p>\n<\/div>\n<\/div>\n","protected":false},"excerpt":{"rendered":"<p>Le temps d\u2019une soir\u00e9e, les m\u00e9galithes de jazz se sont produits, mardi soir au Palais des arts et de la culture de Tanger, lors d\u2019un concert universel organis\u00e9 pour c\u00e9l\u00e9brer la Journ\u00e9e internationale du Jazz. Ce grand concert multi-artistes d\u00e9di\u00e9 au Jazz, une musique-monde, a \u00e9t\u00e9 retransmis en direct durant plus d\u2019une heure, mettant en [&hellip;]<\/p>\n","protected":false},"author":2,"featured_media":42011,"comment_status":"open","ping_status":"open","sticky":false,"template":"","format":"standard","meta":[],"categories":[26,9443,31,54],"tags":[13884,13883,533],"yst_prominent_words":[583,362,409],"jetpack_featured_media_url":"https:\/\/le12.ma\/fr\/wp-content\/uploads\/2024\/05\/tanger.png","_links":{"self":[{"href":"https:\/\/le12.ma\/fr\/wp-json\/wp\/v2\/posts\/42010"}],"collection":[{"href":"https:\/\/le12.ma\/fr\/wp-json\/wp\/v2\/posts"}],"about":[{"href":"https:\/\/le12.ma\/fr\/wp-json\/wp\/v2\/types\/post"}],"author":[{"embeddable":true,"href":"https:\/\/le12.ma\/fr\/wp-json\/wp\/v2\/users\/2"}],"replies":[{"embeddable":true,"href":"https:\/\/le12.ma\/fr\/wp-json\/wp\/v2\/comments?post=42010"}],"version-history":[{"count":1,"href":"https:\/\/le12.ma\/fr\/wp-json\/wp\/v2\/posts\/42010\/revisions"}],"predecessor-version":[{"id":42012,"href":"https:\/\/le12.ma\/fr\/wp-json\/wp\/v2\/posts\/42010\/revisions\/42012"}],"wp:featuredmedia":[{"embeddable":true,"href":"https:\/\/le12.ma\/fr\/wp-json\/wp\/v2\/media\/42011"}],"wp:attachment":[{"href":"https:\/\/le12.ma\/fr\/wp-json\/wp\/v2\/media?parent=42010"}],"wp:term":[{"taxonomy":"category","embeddable":true,"href":"https:\/\/le12.ma\/fr\/wp-json\/wp\/v2\/categories?post=42010"},{"taxonomy":"post_tag","embeddable":true,"href":"https:\/\/le12.ma\/fr\/wp-json\/wp\/v2\/tags?post=42010"},{"taxonomy":"yst_prominent_words","embeddable":true,"href":"https:\/\/le12.ma\/fr\/wp-json\/wp\/v2\/yst_prominent_words?post=42010"}],"curies":[{"name":"wp","href":"https:\/\/api.w.org\/{rel}","templated":true}]}}