{"id":41693,"date":"2024-04-19T09:38:34","date_gmt":"2024-04-19T08:38:34","guid":{"rendered":"https:\/\/le12.ma\/fr\/?p=41693"},"modified":"2024-04-19T09:52:03","modified_gmt":"2024-04-19T08:52:03","slug":"musallim-efendiyev-hisse-les-drapeaux-marocains-et-azerbaidjanais-au-sommet-du-toubkal","status":"publish","type":"post","link":"https:\/\/le12.ma\/fr\/musallim-efendiyev-hisse-les-drapeaux-marocains-et-azerbaidjanais-au-sommet-du-toubkal\/","title":{"rendered":"Musallim Efendiyev hisse les drapeaux marocains et azerba\u00efdjanais au sommet du Toubkal"},"content":{"rendered":"<h2>Grimper le mont <a href=\"https:\/\/le12.ma\/fr\/anthologie-des-poetes-oetes-argentins-amis-du-maroc-la-poesie-comme-passerelle-entre-les-deux-peuples\/\">Toubkal<\/a> n&rsquo;est pas une promenade de sant\u00e9. Se dressant \u00e0 4 167 m\u00e8tres d&rsquo;altitude, son sommet repr\u00e9sente le point culminant de la cha\u00eene de l&rsquo;Atlas et constitue un d\u00e9fi majeur pour les grimpeurs. Cette ascension, bien que gratifiante, est sem\u00e9e d&rsquo;obstacles que tous les aventuriers doivent prendre en consid\u00e9ration.<\/h2>\n<p><img decoding=\"async\" loading=\"lazy\" class=\"alignnone size-full wp-image-41694\" src=\"https:\/\/le12.ma\/fr\/wp-content\/uploads\/2024\/04\/WhatsApp-Image-2024-04-19-at-10.32.312.jpeg\" alt=\"\" width=\"1600\" height=\"747\" srcset=\"https:\/\/le12.ma\/fr\/wp-content\/uploads\/2024\/04\/WhatsApp-Image-2024-04-19-at-10.32.312.jpeg 1600w, https:\/\/le12.ma\/fr\/wp-content\/uploads\/2024\/04\/WhatsApp-Image-2024-04-19-at-10.32.312-300x140.jpeg 300w, https:\/\/le12.ma\/fr\/wp-content\/uploads\/2024\/04\/WhatsApp-Image-2024-04-19-at-10.32.312-1024x478.jpeg 1024w, https:\/\/le12.ma\/fr\/wp-content\/uploads\/2024\/04\/WhatsApp-Image-2024-04-19-at-10.32.312-768x359.jpeg 768w, https:\/\/le12.ma\/fr\/wp-content\/uploads\/2024\/04\/WhatsApp-Image-2024-04-19-at-10.32.312-1536x717.jpeg 1536w\" sizes=\"(max-width: 1600px) 100vw, 1600px\" \/><\/p>\n<p><strong>Passionn\u00e9 de sports de montagnes, l&rsquo;Azerba\u00efdjanais Musallim Efendiyev, qui vit au Maroc et travaille au si\u00e8ge de<a href=\"https:\/\/fr.wikipedia.org\/wiki\/Azerba%C3%AFdjan\"> l&rsquo;Organisation<\/a> du monde islamique pour l&rsquo;\u00e9ducation, les sciences et la culture (ICESCO) \u00e0 Rabat, a r\u00e9ussi l&rsquo;exploit d&rsquo;atteindre le sommet du Toubkal. <\/strong><\/p>\n<p><img decoding=\"async\" loading=\"lazy\" class=\"alignnone size-full wp-image-41695\" src=\"https:\/\/le12.ma\/fr\/wp-content\/uploads\/2024\/04\/WhatsApp-Image-2024-04-19-at-10.32.311.jpeg\" alt=\"\" width=\"1600\" height=\"747\" srcset=\"https:\/\/le12.ma\/fr\/wp-content\/uploads\/2024\/04\/WhatsApp-Image-2024-04-19-at-10.32.311.jpeg 1600w, https:\/\/le12.ma\/fr\/wp-content\/uploads\/2024\/04\/WhatsApp-Image-2024-04-19-at-10.32.311-300x140.jpeg 300w, https:\/\/le12.ma\/fr\/wp-content\/uploads\/2024\/04\/WhatsApp-Image-2024-04-19-at-10.32.311-1024x478.jpeg 1024w, https:\/\/le12.ma\/fr\/wp-content\/uploads\/2024\/04\/WhatsApp-Image-2024-04-19-at-10.32.311-768x359.jpeg 768w, https:\/\/le12.ma\/fr\/wp-content\/uploads\/2024\/04\/WhatsApp-Image-2024-04-19-at-10.32.311-1536x717.jpeg 1536w\" sizes=\"(max-width: 1600px) 100vw, 1600px\" \/><br \/>\n<strong>Du 12 au 14 avril, M.Efendiyev et plusieurs passionn\u00e9s de randonn\u00e9e locaux ont r\u00e9ussi \u00e0 gravir le plus haut sommet d&rsquo;Afrique du Nord et du monde arabe.<\/strong><\/p>\n<p><strong>En arrivant au sommet de la montagne, et dans un geste fortement symbolique, il a hiss\u00e9 les drapeaux de l&rsquo;Azerba\u00efdjan et du Maroc.<\/strong><\/p>\n","protected":false},"excerpt":{"rendered":"<p>Grimper le mont Toubkal n&rsquo;est pas une promenade de sant\u00e9. Se dressant \u00e0 4 167 m\u00e8tres d&rsquo;altitude, son sommet repr\u00e9sente le point culminant de la cha\u00eene de l&rsquo;Atlas et constitue un d\u00e9fi majeur pour les grimpeurs. Cette ascension, bien que gratifiante, est sem\u00e9e d&rsquo;obstacles que tous les aventuriers doivent prendre en consid\u00e9ration. Passionn\u00e9 de sports [&hellip;]<\/p>\n","protected":false},"author":2,"featured_media":41696,"comment_status":"open","ping_status":"open","sticky":false,"template":"","format":"standard","meta":[],"categories":[26,31,33,54],"tags":[13761,13760,13758,13759],"yst_prominent_words":[69,3059,3681],"jetpack_featured_media_url":"https:\/\/le12.ma\/fr\/wp-content\/uploads\/2024\/04\/WhatsApp-Image-2024-04-19-at-10.32.31.jpeg","_links":{"self":[{"href":"https:\/\/le12.ma\/fr\/wp-json\/wp\/v2\/posts\/41693"}],"collection":[{"href":"https:\/\/le12.ma\/fr\/wp-json\/wp\/v2\/posts"}],"about":[{"href":"https:\/\/le12.ma\/fr\/wp-json\/wp\/v2\/types\/post"}],"author":[{"embeddable":true,"href":"https:\/\/le12.ma\/fr\/wp-json\/wp\/v2\/users\/2"}],"replies":[{"embeddable":true,"href":"https:\/\/le12.ma\/fr\/wp-json\/wp\/v2\/comments?post=41693"}],"version-history":[{"count":1,"href":"https:\/\/le12.ma\/fr\/wp-json\/wp\/v2\/posts\/41693\/revisions"}],"predecessor-version":[{"id":41697,"href":"https:\/\/le12.ma\/fr\/wp-json\/wp\/v2\/posts\/41693\/revisions\/41697"}],"wp:featuredmedia":[{"embeddable":true,"href":"https:\/\/le12.ma\/fr\/wp-json\/wp\/v2\/media\/41696"}],"wp:attachment":[{"href":"https:\/\/le12.ma\/fr\/wp-json\/wp\/v2\/media?parent=41693"}],"wp:term":[{"taxonomy":"category","embeddable":true,"href":"https:\/\/le12.ma\/fr\/wp-json\/wp\/v2\/categories?post=41693"},{"taxonomy":"post_tag","embeddable":true,"href":"https:\/\/le12.ma\/fr\/wp-json\/wp\/v2\/tags?post=41693"},{"taxonomy":"yst_prominent_words","embeddable":true,"href":"https:\/\/le12.ma\/fr\/wp-json\/wp\/v2\/yst_prominent_words?post=41693"}],"curies":[{"name":"wp","href":"https:\/\/api.w.org\/{rel}","templated":true}]}}