{"id":41629,"date":"2024-04-16T13:55:37","date_gmt":"2024-04-16T12:55:37","guid":{"rendered":"https:\/\/le12.ma\/fr\/?p=41629"},"modified":"2024-04-16T14:51:48","modified_gmt":"2024-04-16T13:51:48","slug":"signature-dun-accord-de-partenariat-relatif-a-la-protection-du-patrimoine-culturel","status":"publish","type":"post","link":"https:\/\/le12.ma\/fr\/signature-dun-accord-de-partenariat-relatif-a-la-protection-du-patrimoine-culturel\/","title":{"rendered":"Signature d\u2019un accord de partenariat relatif \u00e0 la protection du patrimoine culturel"},"content":{"rendered":"<div id=\"contenu_article\" class=\"resume-article mb-4 text-left\">\n<h2><strong>Deux accords de partenariat portant sur la pr\u00e9servation du patrimoine culturel national \u00e0 travers la protection de la propri\u00e9t\u00e9 intellectuelle ont \u00e9t\u00e9 sign\u00e9s lundi 15 avril \u00e0 Rabat, entre le minist\u00e8re de la Jeunesse, de la Culture et de la Communication, le minist\u00e8re de l&rsquo;Industrie et du Commerce \u00a0et l&rsquo;Office Marocain de la Propri\u00e9t\u00e9 Industrielle et Commerciale (OMPIC).\u00a0<\/strong><\/h2>\n<p><strong>Visant la protection et la valorisation du patrimoine culturel immat\u00e9riel aux niveaux national et international et contribuant au d\u00e9veloppement \u00e9conomique et social du Royaume, ce partenariat s\u2019articule autour des axes suivants :<\/strong><\/p>\n<p><strong>1.\u00a0\u00a0 \u00a0La sensibilisation sur l\u2019int\u00e9r\u00eat de la propri\u00e9t\u00e9 industrielle et commerciale pour prot\u00e9ger et valoriser le patrimoine culturel immat\u00e9riel marocain aux niveaux national et international ;<\/strong><\/p>\n<p><strong>2.\u00a0\u00a0 \u00a0L\u2019accompagnement et l\u2019assistance des acteurs marocains op\u00e9rant dans des domaines li\u00e9s au patrimoine culturel immat\u00e9riel marocain dans l\u2019utilisation des services de la propri\u00e9t\u00e9 industrielle et commerciale ;<\/strong><\/p>\n<p><strong>3.\u00a0\u00a0 \u00a0La formation des acteurs concern\u00e9s.<\/strong><\/p>\n<p><strong>Cette convention s\u2019inscrit dans le cadre de la strat\u00e9gie du Minist\u00e8re de l&rsquo;Industrie et du Commerce et de l&rsquo;Office Marocain de la Propri\u00e9t\u00e9 Industrielle et Commerciale visant \u00e0 faire de la propri\u00e9t\u00e9 industrielle et commerciale un outil au service d&rsquo;une \u00e9conomie productive, innovante et inclusive.\u00a0<\/strong><\/p>\n<p><strong>Ont proc\u00e9d\u00e9 \u00e0 la signature de cette convention de partenariat, le Ministre de l&rsquo;Industrie et du Commerce, M. Ryad Mezzour, le Ministre de la Jeunesse, de la Culture et de la Communication M. Mohammed Mehdi Bensaid et le Directeur G\u00e9n\u00e9ral de l&rsquo;Office Marocain de la Propri\u00e9t\u00e9 Industrielle et Commerciale (OMPIC), M. Abdelaziz Babqiqi.<\/strong><\/p>\n<\/div>\n","protected":false},"excerpt":{"rendered":"<p>Deux accords de partenariat portant sur la pr\u00e9servation du patrimoine culturel national \u00e0 travers la protection de la propri\u00e9t\u00e9 intellectuelle ont \u00e9t\u00e9 sign\u00e9s lundi 15 avril \u00e0 Rabat, entre le minist\u00e8re de la Jeunesse, de la Culture et de la Communication, le minist\u00e8re de l&rsquo;Industrie et du Commerce \u00a0et l&rsquo;Office Marocain de la Propri\u00e9t\u00e9 Industrielle [&hellip;]<\/p>\n","protected":false},"author":2,"featured_media":41630,"comment_status":"open","ping_status":"open","sticky":false,"template":"","format":"standard","meta":[],"categories":[26,31,54],"tags":[13732],"yst_prominent_words":[],"jetpack_featured_media_url":"https:\/\/le12.ma\/fr\/wp-content\/uploads\/2024\/04\/accords.jpg","_links":{"self":[{"href":"https:\/\/le12.ma\/fr\/wp-json\/wp\/v2\/posts\/41629"}],"collection":[{"href":"https:\/\/le12.ma\/fr\/wp-json\/wp\/v2\/posts"}],"about":[{"href":"https:\/\/le12.ma\/fr\/wp-json\/wp\/v2\/types\/post"}],"author":[{"embeddable":true,"href":"https:\/\/le12.ma\/fr\/wp-json\/wp\/v2\/users\/2"}],"replies":[{"embeddable":true,"href":"https:\/\/le12.ma\/fr\/wp-json\/wp\/v2\/comments?post=41629"}],"version-history":[{"count":1,"href":"https:\/\/le12.ma\/fr\/wp-json\/wp\/v2\/posts\/41629\/revisions"}],"predecessor-version":[{"id":41631,"href":"https:\/\/le12.ma\/fr\/wp-json\/wp\/v2\/posts\/41629\/revisions\/41631"}],"wp:featuredmedia":[{"embeddable":true,"href":"https:\/\/le12.ma\/fr\/wp-json\/wp\/v2\/media\/41630"}],"wp:attachment":[{"href":"https:\/\/le12.ma\/fr\/wp-json\/wp\/v2\/media?parent=41629"}],"wp:term":[{"taxonomy":"category","embeddable":true,"href":"https:\/\/le12.ma\/fr\/wp-json\/wp\/v2\/categories?post=41629"},{"taxonomy":"post_tag","embeddable":true,"href":"https:\/\/le12.ma\/fr\/wp-json\/wp\/v2\/tags?post=41629"},{"taxonomy":"yst_prominent_words","embeddable":true,"href":"https:\/\/le12.ma\/fr\/wp-json\/wp\/v2\/yst_prominent_words?post=41629"}],"curies":[{"name":"wp","href":"https:\/\/api.w.org\/{rel}","templated":true}]}}