{"id":40784,"date":"2024-03-08T14:34:49","date_gmt":"2024-03-08T13:34:49","guid":{"rendered":"https:\/\/le12.ma\/fr\/?p=40784"},"modified":"2024-03-08T14:38:51","modified_gmt":"2024-03-08T13:38:51","slug":"apres-son-etat-critique-lartiste-abdou-cherif-est-decede","status":"publish","type":"post","link":"https:\/\/le12.ma\/fr\/apres-son-etat-critique-lartiste-abdou-cherif-est-decede\/","title":{"rendered":"Apr\u00e9s son \u00e9tat critique, L&rsquo;artiste Abdou Cherif est d\u00e9c\u00e9d\u00e9"},"content":{"rendered":"<h2 class=\"resume-article\"><a href=\"https:\/\/le12.ma\/fr\/covid-19-44-nouveaux-cas-et-un-deces\/\">L&rsquo;artiste<\/a> marocain Abdou Cherif est d\u00e9c\u00e9d\u00e9, ce vendredi 08 mars 2024, suites \u00e0 une crise cardiaque.<\/h2>\n<div class=\"description-article\">\n<p class=\"text-align-justify\"><strong>Le <a href=\"https:\/\/www.instagram.com\/\">d\u00e9funt<\/a> Abdou Cherif, surnomm\u00e9 \u00ab\u00a0le rossignol du Maroc\u00a0\u00bb, a \u00e9t\u00e9 transport\u00e9 \u00e0 l&rsquo;h\u00f4pital ce vendredi matin apr\u00e8s avoir souffert d&rsquo;un malaise soudain.<\/strong><\/p>\n<p class=\"text-align-justify\"><strong>Selon les informations obtenues par ses proches, l&rsquo;artiste marocain a eu une crise cardiaque, suite \u00e0 laquelle il a \u00e9t\u00e9 transport\u00e9 dans un \u00e9tat critique \u00e0 l&rsquo;une des cliniques de Casablanca.<\/strong><\/p>\n<p class=\"text-align-justify\"><strong>A l\u2019annonce de son d\u00e9c\u00e8s, l&rsquo;artiste latifa rafat a exprimer ses condol\u00e9ance sur son compte instagrame pour la famille de d\u00e9funt : \u00ab\u00a0<span class=\"Y2IQFc\" lang=\"fr\">Nous appartenons \u00e0 Dieu et c&rsquo;est \u00e0 Lui que nous retournerons Que Dieu ait piti\u00e9 de toi, toi bon et beau c\u0153ur. Que Dieu ait piti\u00e9 de toi, compagnon de chemin. Que Dieu nous donne la patience dans ta s\u00e9paration. Tu as \u00e9t\u00e9 le meilleur ami, le meilleur fr\u00e8re et le meilleur soutien. Nous nous serions rencontr\u00e9s aujourd&rsquo;hui lors de votre f\u00eate \u00e0 Al-Bayda, mais nous n&rsquo;avons aucune objection au destin de Dieu et nous disons seulement ce qui pla\u00eet \u00e0 notre Seigneur. Nous appartenons \u00e0 Dieu et \u00e0 Lui j&rsquo;appartiens. Nous reviendrons Nos plus sinc\u00e8res condol\u00e9ances \u00e0 la famille de feu Abdo Sharif, grande et petite, et \u00e0 tous ses fans et fans\u00a0\u00bb.<\/span><\/strong><\/p>\n<p class=\"text-align-justify\"><strong>\u00a0<\/strong><\/p>\n<\/div>\n","protected":false},"excerpt":{"rendered":"<p>L&rsquo;artiste marocain Abdou Cherif est d\u00e9c\u00e9d\u00e9, ce vendredi 08 mars 2024, suites \u00e0 une crise cardiaque. Le d\u00e9funt Abdou Cherif, surnomm\u00e9 \u00ab\u00a0le rossignol du Maroc\u00a0\u00bb, a \u00e9t\u00e9 transport\u00e9 \u00e0 l&rsquo;h\u00f4pital ce vendredi matin apr\u00e8s avoir souffert d&rsquo;un malaise soudain. Selon les informations obtenues par ses proches, l&rsquo;artiste marocain a eu une crise cardiaque, suite \u00e0 [&hellip;]<\/p>\n","protected":false},"author":2,"featured_media":40786,"comment_status":"open","ping_status":"open","sticky":false,"template":"","format":"standard","meta":[],"categories":[26,54,24],"tags":[13484],"yst_prominent_words":[169,4101,5920,2988,454,781],"jetpack_featured_media_url":"https:\/\/le12.ma\/fr\/wp-content\/uploads\/2024\/03\/abdousherif.jpg","_links":{"self":[{"href":"https:\/\/le12.ma\/fr\/wp-json\/wp\/v2\/posts\/40784"}],"collection":[{"href":"https:\/\/le12.ma\/fr\/wp-json\/wp\/v2\/posts"}],"about":[{"href":"https:\/\/le12.ma\/fr\/wp-json\/wp\/v2\/types\/post"}],"author":[{"embeddable":true,"href":"https:\/\/le12.ma\/fr\/wp-json\/wp\/v2\/users\/2"}],"replies":[{"embeddable":true,"href":"https:\/\/le12.ma\/fr\/wp-json\/wp\/v2\/comments?post=40784"}],"version-history":[{"count":3,"href":"https:\/\/le12.ma\/fr\/wp-json\/wp\/v2\/posts\/40784\/revisions"}],"predecessor-version":[{"id":40788,"href":"https:\/\/le12.ma\/fr\/wp-json\/wp\/v2\/posts\/40784\/revisions\/40788"}],"wp:featuredmedia":[{"embeddable":true,"href":"https:\/\/le12.ma\/fr\/wp-json\/wp\/v2\/media\/40786"}],"wp:attachment":[{"href":"https:\/\/le12.ma\/fr\/wp-json\/wp\/v2\/media?parent=40784"}],"wp:term":[{"taxonomy":"category","embeddable":true,"href":"https:\/\/le12.ma\/fr\/wp-json\/wp\/v2\/categories?post=40784"},{"taxonomy":"post_tag","embeddable":true,"href":"https:\/\/le12.ma\/fr\/wp-json\/wp\/v2\/tags?post=40784"},{"taxonomy":"yst_prominent_words","embeddable":true,"href":"https:\/\/le12.ma\/fr\/wp-json\/wp\/v2\/yst_prominent_words?post=40784"}],"curies":[{"name":"wp","href":"https:\/\/api.w.org\/{rel}","templated":true}]}}