{"id":40667,"date":"2024-03-04T17:16:52","date_gmt":"2024-03-04T16:16:52","guid":{"rendered":"https:\/\/le12.ma\/fr\/?p=40667"},"modified":"2024-03-04T17:16:52","modified_gmt":"2024-03-04T16:16:52","slug":"kenitra-lidentite-musicale-marocaine-a-la-rencontre-de-luniversalite","status":"publish","type":"post","link":"https:\/\/le12.ma\/fr\/kenitra-lidentite-musicale-marocaine-a-la-rencontre-de-luniversalite\/","title":{"rendered":"K\u00e9nitra. L\u2019identit\u00e9 musicale marocaine \u00e0 la rencontre de l\u2019universalit\u00e9"},"content":{"rendered":"<p class=\"p1\"><strong><span class=\"s2\">\u00a0<\/span><\/strong><\/p>\n<h2 class=\"p1\"><em><strong><span class=\"s2\">En tourn\u00e9e du 17 au 27 f\u00e9vrier 2024 \u00e0 travers les diff\u00e9rentes villes du Royaume, le spectacle \u00ab\u00a0Speaking Tango Gnawa\u00a0\u00bb de l\u2019Institut fran\u00e7ais du Maroc a eu un succ\u00e8s retentissant. A K\u00e9nitra, le public m\u00e9lomane est tomb\u00e9 sous le charme d\u2019une musique fusion r\u00e9unissant le meilleur du Jazz international aux saveurs du Tango avec la musique traditionnelle marocaine Gnawa.<\/span><\/strong><\/em><\/h2>\n<p class=\"p1\"><strong><span class=\"s2\">Minino Garay, percussionniste franco-argentin de renom et figure d\u2019une musique \u00e9clectique, s\u2019est joint au c\u00e9l\u00e8bre musicien marocain et multi-instrumentiste, Majid Bekkas, pour offrir un rituel musical \u00e0 couper le souffle. Accompagn\u00e9s par le talentueux pianiste C\u00e9dric Hanriot, Fathallah et Tarik Chaouki aux qarqabou et au ch\u0153ur, ils ont r\u00e9ussi \u00e0 enflammer le public d\u2019une ville qui a toujours r\u00e9pondu pr\u00e9sent aux grands rendez-vous musicaux.<\/span><\/strong><\/p>\n<p class=\"p1\"><strong><span class=\"s2\">Ce projet musical in\u00e9dit a mis en lumi\u00e8re l\u2019univers musical marocain et sa contribution unique de ses sonorit\u00e9s \u00e0 la sc\u00e8ne musicale internationale. Pari r\u00e9ussi, puisque les spectateurs se sont laiss\u00e9s emport\u00e9s par une musique m\u00ealant la spontan\u00e9it\u00e9 du Jazz international \u00e0 la profondeur envo\u00fbtante de la musique Gnawa.<\/span><\/strong><\/p>\n<p class=\"p1\"><strong><span class=\"s2\">Dans une d\u00e9claration au Matin, Minino Garay a indiqu\u00e9 que la soir\u00e9e musicale au centre culturel de K\u00e9nitra a rev\u00eatu un caract\u00e8re exceptionnel, gr\u00e2ce \u00e0 l\u2019accueil tr\u00e8s chaleureux du public qui a incit\u00e9 les musiciens \u00e0 donner le meilleur d\u2019eux-m\u00eames. \u00ab\u00a0Nous sommes vraiment tr\u00e8s contenst et pour nous c\u2019\u00e9tait une v\u00e9ritable et joyeuse d\u00e9couverte. C\u2019est un de nos meilleurs concerts,\u00a0\u00bb souligne-t-il en substance.<\/span><\/strong><\/p>\n<p class=\"p1\"><strong><span class=\"s2\">Partageant le m\u00eame avis, Majid Bekkas n\u2019a pas manqu\u00e9 d\u2019exprimer sa joie de se produire, aux c\u00f4t\u00e9s des autres musiciens, \u00e0 la cit\u00e9 des marguerites. \u00ab\u00a0J\u2019ai \u00e9t\u00e9, affirme-t-il, tr\u00e8s impressionn\u00e9 par l\u2019interaction du public qui a vibr\u00e9 au rythme de notre musique. Pour moi, \u00e7a sera une soir\u00e9e musicale qui restera \u00e0 jamais grav\u00e9e dans ma m\u00e9moire.\u00a0\u00bb<\/span><\/strong><\/p>\n<p class=\"p1\"><strong><span class=\"s2\">\u00ab\u00a0La musique est un \u00e9ternel langage universel, qui au-del\u00e0 des origines, vous traverse le c\u0153ur.\u00a0\u00bb. Cette citation de Nicolas Robert, artiste fran\u00e7ais du XVI \u00e8me si\u00e8cle s\u2019est exprim\u00e9e dans toute son ampleur durant cette soir\u00e9e inoubliable. Un rendez-vous musical exceptionnel qui a transport\u00e9 les spectateurs dans un voyage transcendantal \u00e0 travers les cultures musicales.<\/span><\/strong><\/p>\n<p class=\"p1\"><span style=\"color: #ff0000;\"><strong><span class=\"s2\">Driss Lyakoubi<\/span><\/strong><\/span><\/p>\n","protected":false},"excerpt":{"rendered":"<p>\u00a0 En tourn\u00e9e du 17 au 27 f\u00e9vrier 2024 \u00e0 travers les diff\u00e9rentes villes du Royaume, le spectacle \u00ab\u00a0Speaking Tango Gnawa\u00a0\u00bb de l\u2019Institut fran\u00e7ais du Maroc a eu un succ\u00e8s retentissant. A K\u00e9nitra, le public m\u00e9lomane est tomb\u00e9 sous le charme d\u2019une musique fusion r\u00e9unissant le meilleur du Jazz international aux saveurs du Tango avec [&hellip;]<\/p>\n","protected":false},"author":2,"featured_media":40668,"comment_status":"open","ping_status":"open","sticky":false,"template":"","format":"standard","meta":[],"categories":[26,9442,9443,31,54],"tags":[13447,6139],"yst_prominent_words":[71,181,3439,454,1368,928,3925],"jetpack_featured_media_url":"https:\/\/le12.ma\/fr\/wp-content\/uploads\/2024\/03\/57b48f05-ef00-4da1-a830-6d3b26af6a2d.jpeg","_links":{"self":[{"href":"https:\/\/le12.ma\/fr\/wp-json\/wp\/v2\/posts\/40667"}],"collection":[{"href":"https:\/\/le12.ma\/fr\/wp-json\/wp\/v2\/posts"}],"about":[{"href":"https:\/\/le12.ma\/fr\/wp-json\/wp\/v2\/types\/post"}],"author":[{"embeddable":true,"href":"https:\/\/le12.ma\/fr\/wp-json\/wp\/v2\/users\/2"}],"replies":[{"embeddable":true,"href":"https:\/\/le12.ma\/fr\/wp-json\/wp\/v2\/comments?post=40667"}],"version-history":[{"count":2,"href":"https:\/\/le12.ma\/fr\/wp-json\/wp\/v2\/posts\/40667\/revisions"}],"predecessor-version":[{"id":40670,"href":"https:\/\/le12.ma\/fr\/wp-json\/wp\/v2\/posts\/40667\/revisions\/40670"}],"wp:featuredmedia":[{"embeddable":true,"href":"https:\/\/le12.ma\/fr\/wp-json\/wp\/v2\/media\/40668"}],"wp:attachment":[{"href":"https:\/\/le12.ma\/fr\/wp-json\/wp\/v2\/media?parent=40667"}],"wp:term":[{"taxonomy":"category","embeddable":true,"href":"https:\/\/le12.ma\/fr\/wp-json\/wp\/v2\/categories?post=40667"},{"taxonomy":"post_tag","embeddable":true,"href":"https:\/\/le12.ma\/fr\/wp-json\/wp\/v2\/tags?post=40667"},{"taxonomy":"yst_prominent_words","embeddable":true,"href":"https:\/\/le12.ma\/fr\/wp-json\/wp\/v2\/yst_prominent_words?post=40667"}],"curies":[{"name":"wp","href":"https:\/\/api.w.org\/{rel}","templated":true}]}}