{"id":40637,"date":"2024-03-01T15:54:02","date_gmt":"2024-03-01T14:54:02","guid":{"rendered":"https:\/\/le12.ma\/fr\/?p=40637"},"modified":"2024-03-01T17:06:28","modified_gmt":"2024-03-01T16:06:28","slug":"emirats-lecrivain-marocain-abdeslam-benabdelali-remporte-le-prix-culturel-sultan-al-owais","status":"publish","type":"post","link":"https:\/\/le12.ma\/fr\/emirats-lecrivain-marocain-abdeslam-benabdelali-remporte-le-prix-culturel-sultan-al-owais\/","title":{"rendered":"Emirats: L\u2019\u00e9crivain marocain Abdeslam Benabdelali remporte le Prix culturel Sultan Al Owais"},"content":{"rendered":"<h2 class=\"resume-article\"><strong><a href=\"https:\/\/le12.ma\/fr\/abdeslam-ahizoune-reelu-a-lunanimite-president-de-la-federation-royale-marocaine-dathletisme\/\">L&rsquo;\u00e9crivain<\/a> et penseur marocain Abdeslam Benabdelali a remport\u00e9 la 18\u00e8me \u00e9dition du Prix culturel Sultan Bin Ali Al Owais, dans la cat\u00e9gorie des sciences humaines et futuristes.<\/strong><\/h2>\n<div class=\"description-article\">\n<p class=\"text-align-justify\"><strong>Selon le jury, ce Prix r\u00e9compense l\u2019\u0153uvre du professeur \u00e0 la Facult\u00e9 des lettres et des sciences humaines de l&rsquo;Universit\u00e9 Mohammed V de Rabat, en tant que pionnier de l&rsquo;\u00e9cole d\u00e9constructionniste dans la culture arabe \u00ab\u00a0qui consid\u00e8re la litt\u00e9rature, l&rsquo;\u00e9criture et la traduction comme d&rsquo;importantes passerelles vers la philosophie\u00a0\u00bb.<\/strong><\/p>\n<p class=\"text-align-justify\"><strong>Le jury a \u00e9galement estim\u00e9 que l&rsquo;\u0153uvre de M. Benabdelali se distingue par un style ais\u00e9, accessible aux sp\u00e9cialistes comme aux non-sp\u00e9cialistes, ainsi que par ses id\u00e9es coh\u00e9rentes, \u00ab\u00a0comme s&rsquo;il construisait une structure \u00e0 plusieurs niveaux\u00a0\u00bb.<\/strong><\/p>\n<p class=\"text-align-justify\"><strong>Le<a href=\"https:\/\/snrtnews.com\/fr\/article\/emirats-lecrivain-marocain-abdeslam-benabdelali-remporte-le-prix-culturel-sultan-al-owais\"> laur\u00e9at<\/a> du Prix culturel Sultan Al Owais est un chercheur prolifique qui relie la philosophie \u00e0 la soci\u00e9t\u00e9 et s&rsquo;int\u00e9resse aux questions de d\u00e9veloppement et aux nouvelles r\u00e9alit\u00e9s du monde, a affirm\u00e9 le jury, notant que sa production intellectuelle est caract\u00e9ris\u00e9e par l&rsquo;originalit\u00e9 et la continuit\u00e9.<\/strong><\/p>\n<p class=\"text-align-justify\"><strong>Outre le penseur marocain, ont \u00e9t\u00e9 r\u00e9compens\u00e9s le po\u00e8te \u00e9gyptien Hassan Talib dans la cat\u00e9gorie de la po\u00e9sie, l\u2019auteur bahre\u00efni Amin Salih dans la cat\u00e9gorie du r\u00e9cit, du roman et du th\u00e9\u00e2tre et le critique irakien Abdellah Ibrahim dans la cat\u00e9gorie des \u00e9tudes et de la critique litt\u00e9raires.<\/strong><\/p>\n<p class=\"text-align-justify\"><strong>Les prix ont \u00e9t\u00e9 remis aux vainqueurs jeudi lors d\u2019une c\u00e9r\u00e9monie \u00e0 laquelle ont assist\u00e9 le ministre de la Culture des \u00c9mirats arabes unis, Cheikh Salim bin Khalid Al Qassimi et les membres du Conseil d&rsquo;administration de la Fondation culturelle Sultan Bin Ali Al Owais.<\/strong><\/p>\n<p class=\"text-align-justify\"><strong>Le nombre de candidats au Prix, toutes cat\u00e9gories confondues, s&rsquo;\u00e9l\u00e8ve \u00e0 1.861, dont 231 pour le prix de la po\u00e9sie, 490 pour le prix du r\u00e9cit, du roman et du th\u00e9\u00e2tre, 290 pour le prix des \u00e9tudes et de la critique litt\u00e9raires, 485 pour le prix des sciences humaines et futuristes et 270 pour le prix de l&rsquo;accomplissement scientifique et culturel, qui sera annonc\u00e9 ult\u00e9rieurement.<\/strong><\/p>\n<p class=\"text-align-justify\"><strong>Dans une allocution \u00e0 cette occasion, le secr\u00e9taire g\u00e9n\u00e9ral de la fondation culturelle Sultan Bin Ali Al Owais, Abdul Hamid Ahmad, a soulign\u00e9 que le jury du Prix a d\u00e9cid\u00e9 de primer ce groupe distingu\u00e9 d&rsquo;\u00e9crivains et de penseurs arabes pour leur excellence dans leurs domaines respectifs et pour leurs \u0153uvres qui ont contribu\u00e9 au d\u00e9veloppement de la litt\u00e9rature et de la culture dans le monde arabe.<\/strong><\/p>\n<\/div>\n","protected":false},"excerpt":{"rendered":"<p>L&rsquo;\u00e9crivain et penseur marocain Abdeslam Benabdelali a remport\u00e9 la 18\u00e8me \u00e9dition du Prix culturel Sultan Bin Ali Al Owais, dans la cat\u00e9gorie des sciences humaines et futuristes. Selon le jury, ce Prix r\u00e9compense l\u2019\u0153uvre du professeur \u00e0 la Facult\u00e9 des lettres et des sciences humaines de l&rsquo;Universit\u00e9 Mohammed V de Rabat, en tant que pionnier [&hellip;]<\/p>\n","protected":false},"author":2,"featured_media":40638,"comment_status":"open","ping_status":"open","sticky":false,"template":"","format":"standard","meta":[],"categories":[26,31,54],"tags":[13433,13434],"yst_prominent_words":[],"jetpack_featured_media_url":"https:\/\/le12.ma\/fr\/wp-content\/uploads\/2024\/03\/benabdsallam.jpeg","_links":{"self":[{"href":"https:\/\/le12.ma\/fr\/wp-json\/wp\/v2\/posts\/40637"}],"collection":[{"href":"https:\/\/le12.ma\/fr\/wp-json\/wp\/v2\/posts"}],"about":[{"href":"https:\/\/le12.ma\/fr\/wp-json\/wp\/v2\/types\/post"}],"author":[{"embeddable":true,"href":"https:\/\/le12.ma\/fr\/wp-json\/wp\/v2\/users\/2"}],"replies":[{"embeddable":true,"href":"https:\/\/le12.ma\/fr\/wp-json\/wp\/v2\/comments?post=40637"}],"version-history":[{"count":1,"href":"https:\/\/le12.ma\/fr\/wp-json\/wp\/v2\/posts\/40637\/revisions"}],"predecessor-version":[{"id":40639,"href":"https:\/\/le12.ma\/fr\/wp-json\/wp\/v2\/posts\/40637\/revisions\/40639"}],"wp:featuredmedia":[{"embeddable":true,"href":"https:\/\/le12.ma\/fr\/wp-json\/wp\/v2\/media\/40638"}],"wp:attachment":[{"href":"https:\/\/le12.ma\/fr\/wp-json\/wp\/v2\/media?parent=40637"}],"wp:term":[{"taxonomy":"category","embeddable":true,"href":"https:\/\/le12.ma\/fr\/wp-json\/wp\/v2\/categories?post=40637"},{"taxonomy":"post_tag","embeddable":true,"href":"https:\/\/le12.ma\/fr\/wp-json\/wp\/v2\/tags?post=40637"},{"taxonomy":"yst_prominent_words","embeddable":true,"href":"https:\/\/le12.ma\/fr\/wp-json\/wp\/v2\/yst_prominent_words?post=40637"}],"curies":[{"name":"wp","href":"https:\/\/api.w.org\/{rel}","templated":true}]}}