{"id":40343,"date":"2024-02-21T16:33:19","date_gmt":"2024-02-21T15:33:19","guid":{"rendered":"https:\/\/le12.ma\/fr\/?p=40343"},"modified":"2024-02-21T16:33:19","modified_gmt":"2024-02-21T15:33:19","slug":"microsoft-lintelligence-artificielle-au-coeur-de-notre-quotidien","status":"publish","type":"post","link":"https:\/\/le12.ma\/fr\/microsoft-lintelligence-artificielle-au-coeur-de-notre-quotidien\/","title":{"rendered":"Microsoft: L&rsquo;Intelligence Artificielle au c\u0153ur de notre quotidien"},"content":{"rendered":"<h2><strong>L\u2019intelligence artificielle (<a href=\"https:\/\/fr.wikipedia.org\/wiki\/Intelligence_artificielle\">IA<\/a>) s\u2019impose comme un pilier incontournable de notre soci\u00e9t\u00e9 moderne, offrant des perspectives nouvelles et fascinantes, selon Microsoft.<\/strong><\/h2>\n<p><strong>C\u2019est dans ce contexte en pleine \u00e9volution que s\u2019est tenue la s\u00e9ance inaugurale de l\u2019Acad\u00e9mie des journalistes Microsoft le mercredi 21 f\u00e9vrier 2024, \u00e0 travers la <a href=\"https:\/\/le12.ma\/fr\/dubai-coup-denvoi-du-11eme-sommet-mondial-des-gouvernements-avec-la-participation-du-maroc\/\">plateforme<\/a> Microsoft Teams. Cet \u00e9v\u00e9nement a \u00e9t\u00e9 marqu\u00e9 par la pr\u00e9sence d\u2019Olivia Mirial, Senior Account Tech strat\u00e9giste chez Microsoft, qui a partag\u00e9 une vision approfondie du potentiel de l\u2019IA, d\u00e9mystifiant les id\u00e9es re\u00e7ues et mettant en lumi\u00e8re les principes \u00e9thiques fondamentaux qui guident Microsoft dans le d\u00e9veloppement de cette technologie.<\/strong><\/p>\n<p><strong>L\u2019Acad\u00e9mie des journalistes Microsoft marque ainsi le d\u00e9but d\u2019un dialogue essentiel avec les acteurs cl\u00e9s de la communaut\u00e9 m\u00e9diatique, alors que l\u2019IA occupe une place de plus en plus importante dans notre quotidien.<\/strong><\/p>\n","protected":false},"excerpt":{"rendered":"<p>L\u2019intelligence artificielle (IA) s\u2019impose comme un pilier incontournable de notre soci\u00e9t\u00e9 moderne, offrant des perspectives nouvelles et fascinantes, selon Microsoft. C\u2019est dans ce contexte en pleine \u00e9volution que s\u2019est tenue la s\u00e9ance inaugurale de l\u2019Acad\u00e9mie des journalistes Microsoft le mercredi 21 f\u00e9vrier 2024, \u00e0 travers la plateforme Microsoft Teams. Cet \u00e9v\u00e9nement a \u00e9t\u00e9 marqu\u00e9 par [&hellip;]<\/p>\n","protected":false},"author":2,"featured_media":40345,"comment_status":"open","ping_status":"open","sticky":false,"template":"","format":"standard","meta":[],"categories":[26,3884,54],"tags":[10961],"yst_prominent_words":[3547],"jetpack_featured_media_url":"https:\/\/le12.ma\/fr\/wp-content\/uploads\/2024\/02\/iaa.jpg","_links":{"self":[{"href":"https:\/\/le12.ma\/fr\/wp-json\/wp\/v2\/posts\/40343"}],"collection":[{"href":"https:\/\/le12.ma\/fr\/wp-json\/wp\/v2\/posts"}],"about":[{"href":"https:\/\/le12.ma\/fr\/wp-json\/wp\/v2\/types\/post"}],"author":[{"embeddable":true,"href":"https:\/\/le12.ma\/fr\/wp-json\/wp\/v2\/users\/2"}],"replies":[{"embeddable":true,"href":"https:\/\/le12.ma\/fr\/wp-json\/wp\/v2\/comments?post=40343"}],"version-history":[{"count":2,"href":"https:\/\/le12.ma\/fr\/wp-json\/wp\/v2\/posts\/40343\/revisions"}],"predecessor-version":[{"id":40347,"href":"https:\/\/le12.ma\/fr\/wp-json\/wp\/v2\/posts\/40343\/revisions\/40347"}],"wp:featuredmedia":[{"embeddable":true,"href":"https:\/\/le12.ma\/fr\/wp-json\/wp\/v2\/media\/40345"}],"wp:attachment":[{"href":"https:\/\/le12.ma\/fr\/wp-json\/wp\/v2\/media?parent=40343"}],"wp:term":[{"taxonomy":"category","embeddable":true,"href":"https:\/\/le12.ma\/fr\/wp-json\/wp\/v2\/categories?post=40343"},{"taxonomy":"post_tag","embeddable":true,"href":"https:\/\/le12.ma\/fr\/wp-json\/wp\/v2\/tags?post=40343"},{"taxonomy":"yst_prominent_words","embeddable":true,"href":"https:\/\/le12.ma\/fr\/wp-json\/wp\/v2\/yst_prominent_words?post=40343"}],"curies":[{"name":"wp","href":"https:\/\/api.w.org\/{rel}","templated":true}]}}