{"id":40313,"date":"2024-02-21T10:07:29","date_gmt":"2024-02-21T09:07:29","guid":{"rendered":"https:\/\/le12.ma\/fr\/?p=40313"},"modified":"2024-02-21T10:07:29","modified_gmt":"2024-02-21T09:07:29","slug":"annee-culturelle-qatar-maroc-2024-exposition-a-doha-de-bijoux-berberes-du-palais-royal","status":"publish","type":"post","link":"https:\/\/le12.ma\/fr\/annee-culturelle-qatar-maroc-2024-exposition-a-doha-de-bijoux-berberes-du-palais-royal\/","title":{"rendered":"Ann\u00e9e culturelle Qatar-Maroc 2024 : exposition \u00e0 Doha de bijoux berb\u00e8res du Palais Royal"},"content":{"rendered":"<h2><strong>Years of Culture Qatar-Maroc 2024 (L\u2019ann\u00e9e culturelle Qatar-Maroc 2024) a \u00e9t\u00e9 ouverte, mardi, avec une exposition sp\u00e9ciale de bijoux berb\u00e8res du Palais Royal au Mus\u00e9e d&rsquo;Art Islamique de Doha, en reconnaissance des liens exceptionnels qui unissent les deux pays, les deux peuples fr\u00e8res et les deux Chefs d\u2019Etat, Sa Majest\u00e9 le Roi Mohammed VI, que Dieu L\u2019assiste, et Son Altesse Cheikh Tamim Ben Hamad Al Thani.<\/strong><\/h2>\n<p><strong>Cette <a href=\"https:\/\/www.medi1news.com\/fr\/article\/309393.html\">Collection<\/a>, compos\u00e9e de 200 pi\u00e8ces d&rsquo;importance historique et culturelle, repr\u00e9sente les diverses r\u00e9gions et groupes ethniques du Maroc, des montagnes de l\u2019Atlas aux provinces du Sud.<\/strong><\/p>\n<p><strong>Expos\u00e9e pour la premi\u00e8re fois en dehors du Royaume, cette collection du Palais Royal repr\u00e9sente une fen\u00eatre unique sur la culture marocaine.<\/strong><\/p>\n<p><strong>Ouverte au public jusqu\u2019au 20 mai 2024, ladite collection des bijoux en argent, qui constitue une partie importante de l&rsquo;exposition permanente des Oudayas du Maroc appartenant au Mus\u00e9e National de la Parure de Rabat, rend hommage aux artisans qui ont minutieusement cisel\u00e9 ces pi\u00e8ces d\u2019exception et, en particulier, aux femmes qui ont sauvegard\u00e9 ces traditions.<\/strong><\/p>\n<p><strong>Ces <a href=\"https:\/\/le12.ma\/fr\/almalhama-ou-lepopee-un-film-retrace-lexploit-des-lions-de-latlas-au-mondial-qatar-2022\/\">artefacts<\/a>, pr\u00e9sentant diverses techniques, formes et mat\u00e9riaux, r\u00e9v\u00e8lent les caract\u00e9ristiques r\u00e9gionales des principaux centres de production de bijoux au Maroc et refl\u00e8tent le riche patrimoine du Royaume, sublimant le savoir-faire artistique dans le travail du fil de fer, l&rsquo;incrustation et l&rsquo;utilisation du corail, de l&rsquo;ambre, du verre, des perles et des pi\u00e8ces de monnaie.<\/strong><\/p>\n<p><strong>Les motifs courants, notamment les formes g\u00e9om\u00e9triques et les repr\u00e9sentations stylis\u00e9es de la nature, sont li\u00e9s au mode de vie amazigh, faisant \u00e9cho \u00e0 son lien profond avec la nature et l&rsquo;environnement.<\/strong><\/p>\n<p><strong>Cette exposition, enrichie par une palette de bijoux berb\u00e8res du Palais Royal, est organis\u00e9e par la Fondation Nationale des Mus\u00e9es du Royaume du Maroc et le Mus\u00e9e d&rsquo;Art Islamique de Doha et est coordonn\u00e9e par Adel El Fakir, Commissaire G\u00e9n\u00e9ral de l\u2019Ann\u00e9e Qatar-Maroc 2024. Elle constitue le programme inaugural de cette Ann\u00e9e culturelle, qui est le fer de lance de partenariats culturels durables entre le Qatar et d&rsquo;autres pays.<\/strong><\/p>\n<p><strong>Initiative visant \u00e0 renforcer les relations entre les nations et leurs peuples, \u00ab\u00a0years of culture\u00a0\u00bb a d\u00e9sign\u00e9 le Maroc comme partenaire du Qatar pour cette ann\u00e9e 2024.<\/strong><\/p>\n<p><strong>L\u2019ann\u00e9e sera ponctu\u00e9e par de grandes expositions artistiques, de festivals et d\u2019\u00e9v\u00e8nements culturels dans chacun des deux pays. Pas moins de 80 \u00e9v\u00e8nements sont pr\u00e9vus.<\/strong><\/p>\n","protected":false},"excerpt":{"rendered":"<p>Years of Culture Qatar-Maroc 2024 (L\u2019ann\u00e9e culturelle Qatar-Maroc 2024) a \u00e9t\u00e9 ouverte, mardi, avec une exposition sp\u00e9ciale de bijoux berb\u00e8res du Palais Royal au Mus\u00e9e d&rsquo;Art Islamique de Doha, en reconnaissance des liens exceptionnels qui unissent les deux pays, les deux peuples fr\u00e8res et les deux Chefs d\u2019Etat, Sa Majest\u00e9 le Roi Mohammed VI, que [&hellip;]<\/p>\n","protected":false},"author":2,"featured_media":40314,"comment_status":"open","ping_status":"open","sticky":false,"template":"","format":"standard","meta":[],"categories":[26,31,33,54],"tags":[13327,13326],"yst_prominent_words":[583,69],"jetpack_featured_media_url":"https:\/\/le12.ma\/fr\/wp-content\/uploads\/2024\/02\/Qatar-Maroc-2024.jpg","_links":{"self":[{"href":"https:\/\/le12.ma\/fr\/wp-json\/wp\/v2\/posts\/40313"}],"collection":[{"href":"https:\/\/le12.ma\/fr\/wp-json\/wp\/v2\/posts"}],"about":[{"href":"https:\/\/le12.ma\/fr\/wp-json\/wp\/v2\/types\/post"}],"author":[{"embeddable":true,"href":"https:\/\/le12.ma\/fr\/wp-json\/wp\/v2\/users\/2"}],"replies":[{"embeddable":true,"href":"https:\/\/le12.ma\/fr\/wp-json\/wp\/v2\/comments?post=40313"}],"version-history":[{"count":1,"href":"https:\/\/le12.ma\/fr\/wp-json\/wp\/v2\/posts\/40313\/revisions"}],"predecessor-version":[{"id":40315,"href":"https:\/\/le12.ma\/fr\/wp-json\/wp\/v2\/posts\/40313\/revisions\/40315"}],"wp:featuredmedia":[{"embeddable":true,"href":"https:\/\/le12.ma\/fr\/wp-json\/wp\/v2\/media\/40314"}],"wp:attachment":[{"href":"https:\/\/le12.ma\/fr\/wp-json\/wp\/v2\/media?parent=40313"}],"wp:term":[{"taxonomy":"category","embeddable":true,"href":"https:\/\/le12.ma\/fr\/wp-json\/wp\/v2\/categories?post=40313"},{"taxonomy":"post_tag","embeddable":true,"href":"https:\/\/le12.ma\/fr\/wp-json\/wp\/v2\/tags?post=40313"},{"taxonomy":"yst_prominent_words","embeddable":true,"href":"https:\/\/le12.ma\/fr\/wp-json\/wp\/v2\/yst_prominent_words?post=40313"}],"curies":[{"name":"wp","href":"https:\/\/api.w.org\/{rel}","templated":true}]}}