{"id":40200,"date":"2024-02-16T17:11:15","date_gmt":"2024-02-16T16:11:15","guid":{"rendered":"https:\/\/le12.ma\/fr\/?p=40200"},"modified":"2024-02-16T17:12:37","modified_gmt":"2024-02-16T16:12:37","slug":"covid-19-44-nouveaux-cas-et-un-deces","status":"publish","type":"post","link":"https:\/\/le12.ma\/fr\/covid-19-44-nouveaux-cas-et-un-deces\/","title":{"rendered":"covid-19: 44 nouveaux cas et un d\u00e9c\u00e8s"},"content":{"rendered":"<h2 class=\"resume-article\"><strong>Le minist\u00e8re de la Sant\u00e9 et de la Protection sociale a fait \u00e9tat, vendredi dans son bulletin hebdomadaire, d&rsquo;un total de 44 nouveaux cas d&rsquo;infection \u00e0 la Covid-19 et d&rsquo;un seul d\u00e9c\u00e8s.<\/strong><\/h2>\n<div class=\"description-article\">\n<p class=\"text-align-justify\"><strong>Dans son <a href=\"https:\/\/www.medi1news.com\/fr\/article\/308976.html\">bulletin<\/a> sur la situation \u00e9pid\u00e9miologique couvrant la p\u00e9riode du 10 au 16 f\u00e9vrier 2024, le minist\u00e8re a pr\u00e9cis\u00e9 que le nombre de primo-vaccin\u00e9s a atteint 24.924.571, celui des personnes ayant re\u00e7u deux doses s&rsquo;\u00e9l\u00e8ve \u00e0 23.426.544, alors que 6.888.544 personnes ont eu trois injections du vaccin et 61.430 ont re\u00e7u la quatri\u00e8me dose.<\/strong><\/p>\n<p class=\"text-align-justify\"><strong>Le <a href=\"https:\/\/le12.ma\/fr\/ibrahimi-lacceleration-de-la-vaccination-seule-issue-a-la-crise-sanitaire-du-covid19\/\">nouveau<\/a> bilan hebdomadaire d&rsquo;infections porte \u00e0 1.278.988 le nombre total des contaminations depuis le premier cas signal\u00e9 au Maroc le 2 mars 2020, avec un taux de positivit\u00e9 hebdomadaire de 2,8%.<\/strong><\/p>\n<p class=\"text-align-justify\"><strong>Le nombre total des d\u00e9c\u00e8s s&rsquo;est \u00e9lev\u00e9 \u00e0 16.303 (l\u00e9talit\u00e9 g\u00e9n\u00e9rale 1,3%), alors que les cas actifs sont au nombre de 52.Les nouveaux cas d&rsquo;infection ont \u00e9t\u00e9 recens\u00e9s dans les r\u00e9gions de Rabat-Sal\u00e9-K\u00e9nitra (35), F\u00e8s-Mekn\u00e8s (04), Souss-Massa (04) et Dara\u00e2-Tafilalet (01).<\/strong><\/p>\n<\/div>\n","protected":false},"excerpt":{"rendered":"<p>Le minist\u00e8re de la Sant\u00e9 et de la Protection sociale a fait \u00e9tat, vendredi dans son bulletin hebdomadaire, d&rsquo;un total de 44 nouveaux cas d&rsquo;infection \u00e0 la Covid-19 et d&rsquo;un seul d\u00e9c\u00e8s. Dans son bulletin sur la situation \u00e9pid\u00e9miologique couvrant la p\u00e9riode du 10 au 16 f\u00e9vrier 2024, le minist\u00e8re a pr\u00e9cis\u00e9 que le nombre [&hellip;]<\/p>\n","protected":false},"author":2,"featured_media":35986,"comment_status":"open","ping_status":"open","sticky":false,"template":"","format":"standard","meta":[],"categories":[26,54,24],"tags":[569],"yst_prominent_words":[784,1222,148,568,1485],"jetpack_featured_media_url":"https:\/\/le12.ma\/fr\/wp-content\/uploads\/2023\/08\/Covid.jpg","_links":{"self":[{"href":"https:\/\/le12.ma\/fr\/wp-json\/wp\/v2\/posts\/40200"}],"collection":[{"href":"https:\/\/le12.ma\/fr\/wp-json\/wp\/v2\/posts"}],"about":[{"href":"https:\/\/le12.ma\/fr\/wp-json\/wp\/v2\/types\/post"}],"author":[{"embeddable":true,"href":"https:\/\/le12.ma\/fr\/wp-json\/wp\/v2\/users\/2"}],"replies":[{"embeddable":true,"href":"https:\/\/le12.ma\/fr\/wp-json\/wp\/v2\/comments?post=40200"}],"version-history":[{"count":1,"href":"https:\/\/le12.ma\/fr\/wp-json\/wp\/v2\/posts\/40200\/revisions"}],"predecessor-version":[{"id":40201,"href":"https:\/\/le12.ma\/fr\/wp-json\/wp\/v2\/posts\/40200\/revisions\/40201"}],"wp:featuredmedia":[{"embeddable":true,"href":"https:\/\/le12.ma\/fr\/wp-json\/wp\/v2\/media\/35986"}],"wp:attachment":[{"href":"https:\/\/le12.ma\/fr\/wp-json\/wp\/v2\/media?parent=40200"}],"wp:term":[{"taxonomy":"category","embeddable":true,"href":"https:\/\/le12.ma\/fr\/wp-json\/wp\/v2\/categories?post=40200"},{"taxonomy":"post_tag","embeddable":true,"href":"https:\/\/le12.ma\/fr\/wp-json\/wp\/v2\/tags?post=40200"},{"taxonomy":"yst_prominent_words","embeddable":true,"href":"https:\/\/le12.ma\/fr\/wp-json\/wp\/v2\/yst_prominent_words?post=40200"}],"curies":[{"name":"wp","href":"https:\/\/api.w.org\/{rel}","templated":true}]}}