{"id":39932,"date":"2024-02-09T09:30:28","date_gmt":"2024-02-09T08:30:28","guid":{"rendered":"https:\/\/le12.ma\/fr\/?p=39932"},"modified":"2024-02-09T08:53:42","modified_gmt":"2024-02-09T07:53:42","slug":"le-ccme-participe-a-la-commemoration-des-60-ans-de-laccord-sur-la-main-doeuvre-maroc-belgique","status":"publish","type":"post","link":"https:\/\/le12.ma\/fr\/le-ccme-participe-a-la-commemoration-des-60-ans-de-laccord-sur-la-main-doeuvre-maroc-belgique\/","title":{"rendered":"Le CCME participe \u00e0 la comm\u00e9moration des 60 ans de l\u2019accord sur la main d\u2019\u0153uvre Maroc\/Belgique"},"content":{"rendered":"<h2><strong>Le Conseil de la communaut\u00e9 marocaine \u00e0 l\u2019\u00e9tranger <a href=\"https:\/\/le12.ma\/fr\/femmes-feminin-du-maroc-annonce-le-retour-de-levenement-caftan-2024-a-marrakech\/\">(CCME)<\/a> prend part, jeudi et vendredi \u00e0 Bruxelles, au travaux du Forum acad\u00e9mique belgo-marocain, organis\u00e9 dans le cadre des comm\u00e9morations des 60 ans de l\u2019accord bilat\u00e9ral du 17 f\u00e9vrier 1964 relatif au recrutement de la main d\u2019\u0153uvre marocaine en Belgique.<\/strong><\/h2>\n<p><strong>Le pr\u00e9sident du Conseil, Driss El Yazami, intervient comme grand <a href=\"https:\/\/www.medi1news.com\/fr\/article\/308227.html\">t\u00e9moin<\/a> pour pr\u00e9senter la synth\u00e8se des travaux des deux journ\u00e9es de ce forum, qui portent sur des th\u00e9matiques d\u2019actualit\u00e9 telles que la m\u00e9moire et l\u2019histoire, les dynamiques migratoires dans les espaces belges et marocains et les enjeux du genre, indique un communiqu\u00e9 du CCME.<\/strong><\/p>\n<p><strong>La colonialit\u00e9, les identit\u00e9s et les repr\u00e9sentations crois\u00e9es, la circulation des \u00e9lites et les migrations, la coop\u00e9ration scientifique, les transferts technologiques et le d\u00e9veloppement figurent \u00e9galement parmi les th\u00e9matiques abord\u00e9es lors de cette rencontre, organis\u00e9e par le consortium DIMOBEL, qui regroupe l\u2019Universit\u00e9 de Li\u00e8ge, le Cercle des Laur\u00e9ats de Belgique (CLB), l\u2019Universit\u00e9 Mohammed Premier d\u2019Oujda et l\u2019\u00c9cole de Management ESCA de Casablanca, ajoute-t-on.<\/strong><\/p>\n<p><strong>A cet \u00e9gard, M. El Yazami, a salu\u00e9 cette initiative qui, selon lui, se distingue par \u201cl\u2019amplitude des th\u00e8mes trait\u00e9s et la participation des jeunes g\u00e9n\u00e9rations de chercheurs belgo-marocains aux c\u00f4t\u00e9s de chercheurs pionniers qui travaillent depuis des d\u00e9cennies sur les probl\u00e9matiques migratoires en Belgique\u201d.<\/strong><\/p>\n<p><strong>D\u2019apr\u00e8s les organisateurs, le Forum, qui se tient au Mus\u00e9e Royal d\u2019Art et d\u2019Histoire de Bruxelles, est l\u2019occasion de dresser un \u00e9tat des lieux 60 ans apr\u00e8s la signature de la convention bilat\u00e9rale de main d\u2019\u0153uvre entre le Maroc et la Belgique et de mettre l\u2019accent sur les enjeux du futur et, plus particuli\u00e8rement, sur les besoins de renforcement de la coop\u00e9ration entre la Belgique et le Maroc.<\/strong><\/p>\n<p><strong>Il s\u2019agit aussi d\u2019une occasion pour r\u00e9fl\u00e9chir conjointement entre acteurs belges et marocains \u00e0 la dynamisation du corridor \u00e9conomique qui lie ces deux espaces g\u00e9ographiques.<\/strong><\/p>\n<p><strong>Les porteurs du projet DIMOBEL, financ\u00e9 par Wallonie Bruxelles International (WBI) dans le cadre de la Commission mixte permanente WBI-Maroc, font le constat que, malgr\u00e9 l&rsquo;intensit\u00e9 des relations culturelles et humaines entre les deux pays, leur coop\u00e9ration dans les domaines \u00e9conomique, scientifique et technique demeure \u201csous-optimalis\u00e9e et m\u00e9rite d\u2019\u00eatre consolid\u00e9e de part et d\u2019autre\u201d.<\/strong><\/p>\n<p><strong>Ce forum conna\u00eet la participation de nombreux intervenants belges et marocains, notamment des professeurs universitaires, chercheurs, entrepreneurs et repr\u00e9sentants institutionnels, qui d\u00e9battront de plusieurs questions li\u00e9es \u00e0 l\u2019\u00e9tat des lieux et aux perspectives de la pr\u00e9sence marocaine en Belgique et des relations bilat\u00e9rales.<\/strong><\/p>\n","protected":false},"excerpt":{"rendered":"<p>Le Conseil de la communaut\u00e9 marocaine \u00e0 l\u2019\u00e9tranger (CCME) prend part, jeudi et vendredi \u00e0 Bruxelles, au travaux du Forum acad\u00e9mique belgo-marocain, organis\u00e9 dans le cadre des comm\u00e9morations des 60 ans de l\u2019accord bilat\u00e9ral du 17 f\u00e9vrier 1964 relatif au recrutement de la main d\u2019\u0153uvre marocaine en Belgique. Le pr\u00e9sident du Conseil, Driss El Yazami, [&hellip;]<\/p>\n","protected":false},"author":2,"featured_media":39933,"comment_status":"open","ping_status":"open","sticky":false,"template":"","format":"standard","meta":[],"categories":[26,31,33,54],"tags":[13175,12309,13176],"yst_prominent_words":[919,5448,1445,571,100,695,244,151,512],"jetpack_featured_media_url":"https:\/\/le12.ma\/fr\/wp-content\/uploads\/2024\/02\/vis_0208202421343077.jpg","_links":{"self":[{"href":"https:\/\/le12.ma\/fr\/wp-json\/wp\/v2\/posts\/39932"}],"collection":[{"href":"https:\/\/le12.ma\/fr\/wp-json\/wp\/v2\/posts"}],"about":[{"href":"https:\/\/le12.ma\/fr\/wp-json\/wp\/v2\/types\/post"}],"author":[{"embeddable":true,"href":"https:\/\/le12.ma\/fr\/wp-json\/wp\/v2\/users\/2"}],"replies":[{"embeddable":true,"href":"https:\/\/le12.ma\/fr\/wp-json\/wp\/v2\/comments?post=39932"}],"version-history":[{"count":1,"href":"https:\/\/le12.ma\/fr\/wp-json\/wp\/v2\/posts\/39932\/revisions"}],"predecessor-version":[{"id":39934,"href":"https:\/\/le12.ma\/fr\/wp-json\/wp\/v2\/posts\/39932\/revisions\/39934"}],"wp:featuredmedia":[{"embeddable":true,"href":"https:\/\/le12.ma\/fr\/wp-json\/wp\/v2\/media\/39933"}],"wp:attachment":[{"href":"https:\/\/le12.ma\/fr\/wp-json\/wp\/v2\/media?parent=39932"}],"wp:term":[{"taxonomy":"category","embeddable":true,"href":"https:\/\/le12.ma\/fr\/wp-json\/wp\/v2\/categories?post=39932"},{"taxonomy":"post_tag","embeddable":true,"href":"https:\/\/le12.ma\/fr\/wp-json\/wp\/v2\/tags?post=39932"},{"taxonomy":"yst_prominent_words","embeddable":true,"href":"https:\/\/le12.ma\/fr\/wp-json\/wp\/v2\/yst_prominent_words?post=39932"}],"curies":[{"name":"wp","href":"https:\/\/api.w.org\/{rel}","templated":true}]}}