{"id":39780,"date":"2024-02-05T10:30:37","date_gmt":"2024-02-05T09:30:37","guid":{"rendered":"https:\/\/le12.ma\/fr\/?p=39780"},"modified":"2024-02-05T10:17:10","modified_gmt":"2024-02-05T09:17:10","slug":"ouverture-du-salon-mondial-de-la-defense-avec-la-participation-de-45-pays","status":"publish","type":"post","link":"https:\/\/le12.ma\/fr\/ouverture-du-salon-mondial-de-la-defense-avec-la-participation-de-45-pays\/","title":{"rendered":"Ouverture du Salon mondial de la d\u00e9fense avec la participation de 45 pays"},"content":{"rendered":"<div id=\"contenu_article\" class=\"resume-article mb-4 text-left\">\n<h2><strong>Le Salon mondial de la D\u00e9fense \u00ab World Defense Show-WDS 2024\u00bb s&rsquo;est ouvert, dimanche \u00e0 Riyad, sous le th\u00e8me \u00ab\u00a0Meqdam\u00a0\u00bb, avec la participation de 45 pays.<\/strong><\/h2>\n<p><strong>Organis\u00e9 par l&rsquo;Autorit\u00e9 g\u00e9n\u00e9rale des industries militaires (GAMI) de l&rsquo;Arabie Saoudite, cet \u00e9v\u00e8nement, qui r\u00e9unit 750 exposants, est marqu\u00e9 par la pr\u00e9sence de 115 d\u00e9l\u00e9gations.<\/strong><\/p>\n<p><strong>La d\u00e9l\u00e9gation marocaine est conduite par le ministre d\u00e9l\u00e9gu\u00e9 aupr\u00e8s du Chef du gouvernement charg\u00e9 de l&rsquo;Administration de la D\u00e9fense nationale, Abdellatif Loudiyi, qui a particip\u00e9 samedi \u00e0 Riyad \u00e0 la 2\u00e8me r\u00e9union du conseil des ministres de la d\u00e9fense de la Coalition islamique militaire pour la lutte contre le terrorisme.<\/strong><\/p>\n<p><strong>WDS, qui se poursuivra jusqu&rsquo;au 08 f\u00e9vrier, se veut une plateforme d\u00e9di\u00e9e \u00e0 l&rsquo;innovation et au d\u00e9veloppement technologique dans le secteur de l&rsquo;industrie de la d\u00e9fense, couvrant cinq domaines cl\u00e9s : l&rsquo;air, la terre, la mer, l&rsquo;espace et la s\u00e9curit\u00e9.<\/strong><\/p>\n<\/div>\n","protected":false},"excerpt":{"rendered":"<p>Le Salon mondial de la D\u00e9fense \u00ab World Defense Show-WDS 2024\u00bb s&rsquo;est ouvert, dimanche \u00e0 Riyad, sous le th\u00e8me \u00ab\u00a0Meqdam\u00a0\u00bb, avec la participation de 45 pays. Organis\u00e9 par l&rsquo;Autorit\u00e9 g\u00e9n\u00e9rale des industries militaires (GAMI) de l&rsquo;Arabie Saoudite, cet \u00e9v\u00e8nement, qui r\u00e9unit 750 exposants, est marqu\u00e9 par la pr\u00e9sence de 115 d\u00e9l\u00e9gations. La d\u00e9l\u00e9gation marocaine est [&hellip;]<\/p>\n","protected":false},"author":2,"featured_media":39782,"comment_status":"open","ping_status":"open","sticky":false,"template":"","format":"standard","meta":[],"categories":[26,31,54],"tags":[13122,13123],"yst_prominent_words":[5046],"jetpack_featured_media_url":"https:\/\/le12.ma\/fr\/wp-content\/uploads\/2024\/02\/world-defense.jpg","_links":{"self":[{"href":"https:\/\/le12.ma\/fr\/wp-json\/wp\/v2\/posts\/39780"}],"collection":[{"href":"https:\/\/le12.ma\/fr\/wp-json\/wp\/v2\/posts"}],"about":[{"href":"https:\/\/le12.ma\/fr\/wp-json\/wp\/v2\/types\/post"}],"author":[{"embeddable":true,"href":"https:\/\/le12.ma\/fr\/wp-json\/wp\/v2\/users\/2"}],"replies":[{"embeddable":true,"href":"https:\/\/le12.ma\/fr\/wp-json\/wp\/v2\/comments?post=39780"}],"version-history":[{"count":1,"href":"https:\/\/le12.ma\/fr\/wp-json\/wp\/v2\/posts\/39780\/revisions"}],"predecessor-version":[{"id":39783,"href":"https:\/\/le12.ma\/fr\/wp-json\/wp\/v2\/posts\/39780\/revisions\/39783"}],"wp:featuredmedia":[{"embeddable":true,"href":"https:\/\/le12.ma\/fr\/wp-json\/wp\/v2\/media\/39782"}],"wp:attachment":[{"href":"https:\/\/le12.ma\/fr\/wp-json\/wp\/v2\/media?parent=39780"}],"wp:term":[{"taxonomy":"category","embeddable":true,"href":"https:\/\/le12.ma\/fr\/wp-json\/wp\/v2\/categories?post=39780"},{"taxonomy":"post_tag","embeddable":true,"href":"https:\/\/le12.ma\/fr\/wp-json\/wp\/v2\/tags?post=39780"},{"taxonomy":"yst_prominent_words","embeddable":true,"href":"https:\/\/le12.ma\/fr\/wp-json\/wp\/v2\/yst_prominent_words?post=39780"}],"curies":[{"name":"wp","href":"https:\/\/api.w.org\/{rel}","templated":true}]}}