{"id":39554,"date":"2024-01-29T11:50:07","date_gmt":"2024-01-29T10:50:07","guid":{"rendered":"https:\/\/le12.ma\/fr\/?p=39554"},"modified":"2024-01-29T11:42:31","modified_gmt":"2024-01-29T10:42:31","slug":"une-feuille-de-route-pour-enrichir-les-missions-des-17-consulats-du-maroc-en-france","status":"publish","type":"post","link":"https:\/\/le12.ma\/fr\/une-feuille-de-route-pour-enrichir-les-missions-des-17-consulats-du-maroc-en-france\/","title":{"rendered":"Une feuille de route pour enrichir les missions des 17 Consulats du Maroc en France"},"content":{"rendered":"<h2><strong>L&rsquo;Ambassade du Maroc \u00e0 Paris a r\u00e9uni, vendredi et samedi, les 17 consuls g\u00e9n\u00e9raux qui animent le r\u00e9seau consulaire marocain sur le territoire fran\u00e7ais pour un s\u00e9minaire de travail.<\/strong><\/h2>\n<p><strong>Ce <a href=\"https:\/\/www.medi1news.com\/fr\/article\/307053.html\">s\u00e9minaire<\/a> est destin\u00e9 \u00e0 consolider la mise en \u0153uvre du plan d\u2019actions du minist\u00e8re des Affaires \u00e9trang\u00e8res, de la Coop\u00e9ration africaine et des Marocains r\u00e9sidant \u00e0 l\u2019\u00c9tranger, en faveur des Marocains du monde, conform\u00e9ment aux Orientations de Sa Majest\u00e9 le Roi Mohammed VI.<\/strong><\/p>\n<p><strong>Le plus important du Royaume dans un pays \u00e9tranger, le r\u00e9seau des consulats du Maroc en France g\u00e8re tout un \u00e9ventail de prestations en faveur de plus de 1,6 million de Marocains ou de bi-nationaux immatricul\u00e9s dans les consulats de Paris, Orly, Colombes, Pontoise, Villemomble, Orl\u00e9ans, Lille, Lyon, Marseille, Rennes, Strasbourg, Dijon, Montpellier, Bordeaux, Toulouse et de Bastia. Il s\u2019est vu r\u00e9cemment renforc\u00e9 par une 17\u00e8me unit\u00e9 \u00e0 Mantes-La-Jolie (d\u00e9partement des Yvelines, 57 km \u00e0 l\u2019ouest de Paris) qui ouvrira ses portes au printemps prochain.<\/strong><\/p>\n<p style=\"text-align: left;\"><strong>Pendant deux jours, chacun des <a href=\"https:\/\/le12.ma\/fr\/lancement-de-la-consultation-publique-du-projet-de-code-de-bonne-gouvernance-des-eep\/\">param\u00e8tres<\/a> de la mission d\u2019assistance administrative des consulats a \u00e9t\u00e9 examin\u00e9 avec l\u2019identification des points d\u2019am\u00e9lioration n\u00e9cessaires \u00e0 des prestations de meilleure qualit\u00e9.<\/strong><\/p>\n<p><strong>Pour Fouad Kadmiri, Directeur des affaires consulaires et sociales au minist\u00e8re des Affaires \u00e9trang\u00e8res, de la Coop\u00e9ration africaine et des Marocains r\u00e9sidant \u00e0 l\u2019\u00e9tranger, \u201ccette importante rencontre de travail a offert l\u2019opportunit\u00e9 d&rsquo;interagir et d\u2019\u00e9changer sur les derniers d\u00e9veloppements dans le domaine consulaire, sur la base de remont\u00e9es d\u2019informations essentielles apport\u00e9es par les consuls.\u201d<\/strong><\/p>\n<p><strong>La pr\u00e9sence \u00e9galement de Hicham Ghazri, Directeur des ressources humaines au sein du m\u00eame d\u00e9partement minist\u00e9riel, est une illustration de l\u2019importance de ce s\u00e9minaire de travail, qui a pour objectif de \u201ccontribuer substantiellement \u00e0 la r\u00e9actualisation r\u00e9guli\u00e8re des diff\u00e9rents m\u00e9canismes d\u2019accompagnement des Marocains du Monde et dynamiser la mise en \u0153uvre des diff\u00e9rents dispositifs de prise en charge\u201d, ajoute le responsable au sein du Minist\u00e8re des Affaires \u00e9trang\u00e8res, de la Coop\u00e9ration africaine et des Marocains r\u00e9sidant \u00e0 l&rsquo;\u00e9tranger.<\/strong><\/p>\n<p><strong>Pour l\u2019Ambassadeure du Maroc en France, Mme Samira Sita\u00efl, \u201dsi le consulat est charg\u00e9 principalement des relations qui s\u2019\u00e9tablissent entre un pays et ses ressortissants, il a \u00e9galement pour mission de promouvoir les int\u00e9r\u00eats notamment \u00e9conomiques et culturels de son pays. Dans le contexte de comp\u00e9tition \u00e9conomique que nous connaissons, la diplomatie marocaine a engag\u00e9 une politique novatrice sur ces sujets.\u201d<\/strong><\/p>\n<p><strong>La pr\u00e9sence \u00e0 ce s\u00e9minaire de travail des repr\u00e9sentants de l&rsquo;Agence marocaine de d\u00e9veloppement des investissements et des exportations (AMDIE), de Royal Air Maroc (RAM) et de Chaabi Bank France, s\u2019inscrit dans cette approche.<\/strong><\/p>\n<p><strong>Ainsi, lors de la seconde journ\u00e9e de cette rencontre, les d\u00e9bats ont \u00e9t\u00e9 ax\u00e9s sur l\u2019attractivit\u00e9 \u00e9conomique du Maroc et les mesures prises par l\u2019\u00c9tat, afin d\u2019accompagner les hommes d\u2019affaires fran\u00e7ais et les Marocains de France souhaitant investir dans le Royaume.<\/strong><\/p>\n<p><strong>Pour Youssef Tber, Directeur Investissement et Export \u00e0 l&rsquo;AMDIE, qui a expos\u00e9 les opportunit\u00e9s d&rsquo;investissement qu\u2019offre le Maroc, \u201ccette rencontre a \u00e9t\u00e9 aussi l\u2019occasion de pr\u00e9senter les instruments mis en place au niveau de l\u2019AMDIE, notamment le desk Marocains du monde pour un accompagnement d\u00e9di\u00e9 \u00e0 la diaspora\u201d.<\/strong><\/p>\n<p><strong>De son c\u00f4t\u00e9, Hafid Kamal, Directeur g\u00e9n\u00e9ral de Chaabi Bank France, est revenu sur \u201cla relation historique\u201d depuis les ann\u00e9es 60 entre cette banque et les Marocains de France qui sont 423.000 \u00e0 disposer d\u2019un compte bancaire chez Chaabi Bank, qui compte 23 agences ou bureaux de repr\u00e9sentation \u00e0 travers le territoire fran\u00e7ais.<\/strong><\/p>\n<p><strong>\u201cCe s\u00e9minaire a \u00e9t\u00e9 l\u2019occasion de sensibiliser les consuls g\u00e9n\u00e9raux sur les diff\u00e9rentes missions de l\u2019\u00e9tablissement, mais \u00e9galement sur les changements que conna\u00eet le monde de la finance et les \u00e9volutions r\u00e9glementaires \u00e0 venir\u201d, a indiqu\u00e9 Hafid Kamal.<\/strong><\/p>\n<p><strong>Pour sa part, Amine El Farissi, directeur r\u00e9gional RAM-Europe a rappel\u00e9 les fondamentaux de la strat\u00e9gie du transporteur national visant \u00e0 am\u00e9liorer ses prestations et \u00e0 consolider le lien entre les Marocains du monde et leur pays.<\/strong><\/p>\n<p><strong>Pour ce qui est du march\u00e9 fran\u00e7ais, il a rappel\u00e9 qu\u2019il y a 280 vols par semaine avec le Maroc et que \u201csur les 7,5 millions de passagers transport\u00e9s en 2023 par la compagnie nationale, environ 40% l\u2019ont \u00e9t\u00e9 au d\u00e9part d\u2019une ville fran\u00e7aise. c\u2019est 17% de mieux qu\u2019en 2019.\u201d<\/strong><\/p>\n<p><strong>A l\u2019issue de ces deux journ\u00e9es de travail, les consuls g\u00e9n\u00e9raux ont unanimement constat\u00e9 que ce genre de rencontres est essentiel pour aborder les enjeux du moment et les objectifs \u00e0 atteindre, favoriser les synergies, l\u2019esprit d\u2019\u00e9quipe, la coh\u00e9sion et la communication entre diff\u00e9rentes parties prenantes.<\/strong><\/p>\n<p><strong>Pour Nada Bakkali, consule g\u00e9n\u00e9rale du Maroc \u00e0 Paris, ces rencontres constituent un moment de concertation et d&rsquo;\u00e9change \u201ccrucial dans le d\u00e9veloppement de projets qui f\u00e9d\u00e8rent l\u2019ensemble des consuls.\u201d<\/strong><\/p>\n<p><strong>\u201cL\u2019importance de ces rencontres tient aussi au fait qu\u2019elles ont \u00e9t\u00e9 marqu\u00e9es par des \u00e9changes francs avec des responsables du minist\u00e8re des Affaires \u00e9trang\u00e8res et des interlocuteurs externes, autour d\u2019un ordre du jour tr\u00e8s diversifi\u00e9\u201d, s\u2019est f\u00e9licit\u00e9e, de son c\u00f4t\u00e9, Fatima Baroudi, consule g\u00e9n\u00e9rale \u00e0 Lyon.<\/strong><\/p>\n<p><strong>\u201cLe prochain s\u00e9minaire des consuls g\u00e9n\u00e9raux est pr\u00e9vu les 26 et 27 avril 2024, quelques semaines avant l\u2019op\u00e9ration Marhaba\u201d, a annonc\u00e9 l\u2019Ambassadeure du Maroc en France, Samira Sita\u00efl.<\/strong><\/p>\n","protected":false},"excerpt":{"rendered":"<p>L&rsquo;Ambassade du Maroc \u00e0 Paris a r\u00e9uni, vendredi et samedi, les 17 consuls g\u00e9n\u00e9raux qui animent le r\u00e9seau consulaire marocain sur le territoire fran\u00e7ais pour un s\u00e9minaire de travail. Ce s\u00e9minaire est destin\u00e9 \u00e0 consolider la mise en \u0153uvre du plan d\u2019actions du minist\u00e8re des Affaires \u00e9trang\u00e8res, de la Coop\u00e9ration africaine et des Marocains r\u00e9sidant [&hellip;]<\/p>\n","protected":false},"author":2,"featured_media":39555,"comment_status":"open","ping_status":"open","sticky":false,"template":"","format":"standard","meta":[],"categories":[26,33,54],"tags":[13030],"yst_prominent_words":[187,168,381,384,378,380],"jetpack_featured_media_url":"https:\/\/le12.ma\/fr\/wp-content\/uploads\/2024\/01\/consulat.jpg","_links":{"self":[{"href":"https:\/\/le12.ma\/fr\/wp-json\/wp\/v2\/posts\/39554"}],"collection":[{"href":"https:\/\/le12.ma\/fr\/wp-json\/wp\/v2\/posts"}],"about":[{"href":"https:\/\/le12.ma\/fr\/wp-json\/wp\/v2\/types\/post"}],"author":[{"embeddable":true,"href":"https:\/\/le12.ma\/fr\/wp-json\/wp\/v2\/users\/2"}],"replies":[{"embeddable":true,"href":"https:\/\/le12.ma\/fr\/wp-json\/wp\/v2\/comments?post=39554"}],"version-history":[{"count":1,"href":"https:\/\/le12.ma\/fr\/wp-json\/wp\/v2\/posts\/39554\/revisions"}],"predecessor-version":[{"id":39556,"href":"https:\/\/le12.ma\/fr\/wp-json\/wp\/v2\/posts\/39554\/revisions\/39556"}],"wp:featuredmedia":[{"embeddable":true,"href":"https:\/\/le12.ma\/fr\/wp-json\/wp\/v2\/media\/39555"}],"wp:attachment":[{"href":"https:\/\/le12.ma\/fr\/wp-json\/wp\/v2\/media?parent=39554"}],"wp:term":[{"taxonomy":"category","embeddable":true,"href":"https:\/\/le12.ma\/fr\/wp-json\/wp\/v2\/categories?post=39554"},{"taxonomy":"post_tag","embeddable":true,"href":"https:\/\/le12.ma\/fr\/wp-json\/wp\/v2\/tags?post=39554"},{"taxonomy":"yst_prominent_words","embeddable":true,"href":"https:\/\/le12.ma\/fr\/wp-json\/wp\/v2\/yst_prominent_words?post=39554"}],"curies":[{"name":"wp","href":"https:\/\/api.w.org\/{rel}","templated":true}]}}